{"id":1,"date":"2022-10-01T09:00:00","date_gmt":"2022-10-01T07:00:00","guid":{"rendered":"https:\/\/sites.unica.it\/riparto\/?p=1"},"modified":"2023-02-02T23:16:11","modified_gmt":"2023-02-02T22:16:11","slug":"notte-europea-ricercatori","status":"publish","type":"post","link":"https:\/\/sites.unica.it\/riparto\/2022\/10\/01\/notte-europea-ricercatori\/","title":{"rendered":"RiPARTO partecipa alla Notte Europea dei Ricercatori"},"content":{"rendered":"\n<p class=\"has-medium-font-size\">Il progetto RiPARTO \u00e8 appena nato e ha gi\u00e0 preso parte al suo primo evento pubblico!<\/p>\n\n\n\n<p class=\"has-medium-font-size\">Venerd\u00ec 30 Settembre eravamo a Sharper Night, la Notte Europea dei Ricercatori, presso l&#8217;Orto Botanico di Cagliari. <\/p>\n\n\n\n<p class=\"has-medium-font-size\">Bambini e ragazzi con la loro curiosit\u00e0 hanno invaso gli stand in cui tanti laboratori hanno presentato nuove scoperte e progetti.<\/p>\n\n\n\n<p class=\"has-medium-font-size\">Un&#8217;esperienza davvero unica!<\/p>\n","protected":false},"excerpt":{"rendered":"<p>Il progetto RiPARTO \u00e8 appena nato e ha gi\u00e0 preso parte al suo primo evento pubblico! Venerd\u00ec 30 Settembre eravamo a Sharper Night, la Notte Europea dei Ricercatori, presso l&#8217;Orto &#8230;<\/p>\n","protected":false},"author":8398,"featured_media":85,"comment_status":"closed","ping_status":"open","sticky":true,"template":"","format":"image","meta":{"footnotes":""},"categories":[1],"tags":[],"class_list":["post-1","post","type-post","status-publish","format-image","has-post-thumbnail","hentry","category-senza-categoria","post_format-post-format-image"],"_links":{"self":[{"href":"https:\/\/sites.unica.it\/riparto\/wp-json\/wp\/v2\/posts\/1","targetHints":{"allow":["GET"]}}],"collection":[{"href":"https:\/\/sites.unica.it\/riparto\/wp-json\/wp\/v2\/posts"}],"about":[{"href":"https:\/\/sites.unica.it\/riparto\/wp-json\/wp\/v2\/types\/post"}],"author":[{"embeddable":true,"href":"https:\/\/sites.unica.it\/riparto\/wp-json\/wp\/v2\/users\/8398"}],"replies":[{"embeddable":true,"href":"https:\/\/sites.unica.it\/riparto\/wp-json\/wp\/v2\/comments?post=1"}],"version-history":[{"count":5,"href":"https:\/\/sites.unica.it\/riparto\/wp-json\/wp\/v2\/posts\/1\/revisions"}],"predecessor-version":[{"id":366,"href":"https:\/\/sites.unica.it\/riparto\/wp-json\/wp\/v2\/posts\/1\/revisions\/366"}],"wp:featuredmedia":[{"embeddable":true,"href":"https:\/\/sites.unica.it\/riparto\/wp-json\/wp\/v2\/media\/85"}],"wp:attachment":[{"href":"https:\/\/sites.unica.it\/riparto\/wp-json\/wp\/v2\/media?parent=1"}],"wp:term":[{"taxonomy":"category","embeddable":true,"href":"https:\/\/sites.unica.it\/riparto\/wp-json\/wp\/v2\/categories?post=1"},{"taxonomy":"post_tag","embeddable":true,"href":"https:\/\/sites.unica.it\/riparto\/wp-json\/wp\/v2\/tags?post=1"}],"curies":[{"name":"wp","href":"https:\/\/api.w.org\/{rel}","templated":true}]}}