{"id":6633,"date":"2023-03-02T17:44:14","date_gmt":"2023-03-02T16:44:14","guid":{"rendered":"https:\/\/sites.unica.it\/pip\/?p=6633"},"modified":"2023-06-17T22:11:41","modified_gmt":"2023-06-17T20:11:41","slug":"sya23-federico-cartamantiglia","status":"publish","type":"post","link":"https:\/\/sites.unica.it\/pip\/2023\/03\/02\/sya23-federico-cartamantiglia\/","title":{"rendered":"SYA23 Federico Cartamantiglia"},"content":{"rendered":"<div class=\"wp-block-image\">\n<figure class=\"aligncenter size-full is-resized\"><img loading=\"lazy\" decoding=\"async\" src=\"https:\/\/sites.unica.it\/pip\/files\/2023\/03\/logo-sya.png\" alt=\"\" class=\"wp-image-6676\" width=\"121\" height=\"121\" srcset=\"https:\/\/sites.unica.it\/pip\/files\/2023\/03\/logo-sya.png 1330w, https:\/\/sites.unica.it\/pip\/files\/2023\/03\/logo-sya-750x750.png 750w, https:\/\/sites.unica.it\/pip\/files\/2023\/03\/logo-sya-150x150.png 150w, https:\/\/sites.unica.it\/pip\/files\/2023\/03\/logo-sya-768x768.png 768w\" sizes=\"auto, (max-width: 121px) 100vw, 121px\" \/><\/figure><\/div>\n\n\n<h1 class=\"has-text-align-center wp-block-heading\">Federico Cartamantiglia<\/h1>\n\n\n\n<div style=\"height:25px\" aria-hidden=\"true\" class=\"wp-block-spacer\"><\/div>\n\n\n\n<figure class=\"wp-block-image alignwide size-full is-style-default\"><img loading=\"lazy\" decoding=\"async\" width=\"1503\" height=\"910\" src=\"https:\/\/sites.unica.it\/pip\/files\/2023\/03\/copertina-5.jpg\" alt=\"\" class=\"wp-image-7125\" srcset=\"https:\/\/sites.unica.it\/pip\/files\/2023\/03\/copertina-5.jpg 1503w, https:\/\/sites.unica.it\/pip\/files\/2023\/03\/copertina-5-750x454.jpg 750w, https:\/\/sites.unica.it\/pip\/files\/2023\/03\/copertina-5-768x465.jpg 768w\" sizes=\"auto, (max-width: 1503px) 100vw, 1503px\" \/><\/figure>\n\n\n\n<h2 class=\"wp-block-heading\">Lo studio<\/h2>\n\n\n\n<p>\u201cRestare&#8230;tutto inizia in quel momento, quando dopo la fuga scegli l\u2019Isola e decidi di navigare assieme, realizzando sogni comuni verso un futuro migliore.\u201d<\/p>\n\n\n\n<p>Nato nel 1992 ad Alghero, Italia. Ha studiato architettura nell\u2019Universit\u00e0 di Sassari, dipartimento di Architet- tura di Alghero arricchendo i suoi studi con esperienze a Istanbul, Faculty of Architecture (IT\u00dc); Amsterdam, Accademy of architecture(AHK); Copenhagen, Royal Danish Academy; Hong Kong, University of Architecture (HKU); Madrid, Escuela T\u00e9cnica Superior de Arquitectura (ETSAM).<\/p>\n\n\n\n<p>Esperienze professionali altrettanto formative furono svolte in Patagonia Argentina, General Roca nello studio HCAT, Vietnam, Ho Chi Minh city presso Vo Trong Nghia (VTN Architects), Hong Kong nello studio Rural Urban Framework (RUF) per poi tornare in Sardegna dove svolse un breve periodo nello studio Pixel di Alghero.<\/p>\n\n\n\n<p>Oggi Architetto freelancer collabora con diversi professionisti locali, \u00e8 attualmente coinvolto su alcuni pro- getti commerciali, privati e pubblici, col sogno di realizzare attraverso una associazione culturale non a scopo di lucro il progetto Teatro Collettivo.<\/p>\n\n\n\n<p>Ricerca una Architettura Neoumanista, rigenerando valori antichi, artigianali in dialogo costante con esigen- ze e tecnologie contemporanee. Ogni progetto rappresenta l\u2019occasione per realizzare unicit\u00e0 accessibile, aprendo orizzonti progettuali prima inaspettati.<\/p>\n\n\n\n<div style=\"height:100px\" aria-hidden=\"true\" class=\"wp-block-spacer\"><\/div>\n\n\n\n<hr class=\"wp-block-separator has-alpha-channel-opacity\" \/>\n\n\n\n<div style=\"height:50px\" aria-hidden=\"true\" class=\"wp-block-spacer\"><\/div>\n\n\n\n<h1 class=\"wp-block-heading\">Progetti<\/h1>\n\n\n\n<div style=\"height:100px\" aria-hidden=\"true\" class=\"wp-block-spacer\"><\/div>\n\n\n\n<h3 class=\"wp-block-heading\">Progetto Studio Teatrino<\/h3>\n\n\n\n<div style=\"height:50px\" aria-hidden=\"true\" class=\"wp-block-spacer\"><\/div>\n\n\n\n<figure class=\"wp-block-gallery alignwide has-nested-images columns-default is-cropped imageScrollGallery styleContain wp-block-gallery-1 is-layout-flex wp-block-gallery-is-layout-flex\">\n<figure class=\"wp-block-image size-full\"><img loading=\"lazy\" decoding=\"async\" width=\"1502\" height=\"912\" data-id=\"7324\" src=\"https:\/\/sites.unica.it\/pip\/files\/2023\/03\/sya23_federico-cartamantiglia_prog1_1-1.jpg\" alt=\"\" class=\"wp-image-7324\" srcset=\"https:\/\/sites.unica.it\/pip\/files\/2023\/03\/sya23_federico-cartamantiglia_prog1_1-1.jpg 1502w, https:\/\/sites.unica.it\/pip\/files\/2023\/03\/sya23_federico-cartamantiglia_prog1_1-1-750x455.jpg 750w, https:\/\/sites.unica.it\/pip\/files\/2023\/03\/sya23_federico-cartamantiglia_prog1_1-1-768x466.jpg 768w\" sizes=\"auto, (max-width: 1502px) 100vw, 1502px\" \/><figcaption class=\"wp-element-caption\">Concepito ad uso personale come SPAZIO FLESSIBILE, residenziale e studio professionale. Realizzato ad Alghero nel luglio 2021, committente Federico Cartamantiglia.<\/figcaption><\/figure>\n\n\n\n<figure class=\"wp-block-image size-large\"><img loading=\"lazy\" decoding=\"async\" width=\"2048\" height=\"1245\" data-id=\"7326\" src=\"https:\/\/sites.unica.it\/pip\/files\/2023\/03\/sya23_federico-cartamantiglia_prog1_3-1-2048x1245.jpg\" alt=\"\" class=\"wp-image-7326\" srcset=\"https:\/\/sites.unica.it\/pip\/files\/2023\/03\/sya23_federico-cartamantiglia_prog1_3-1-2048x1245.jpg 2048w, https:\/\/sites.unica.it\/pip\/files\/2023\/03\/sya23_federico-cartamantiglia_prog1_3-1-750x456.jpg 750w, https:\/\/sites.unica.it\/pip\/files\/2023\/03\/sya23_federico-cartamantiglia_prog1_3-1-768x467.jpg 768w, https:\/\/sites.unica.it\/pip\/files\/2023\/03\/sya23_federico-cartamantiglia_prog1_3-1-1536x934.jpg 1536w\" sizes=\"auto, (max-width: 2048px) 100vw, 2048px\" \/><figcaption class=\"wp-element-caption\">LE TENDE, elementi scultorei e metafisici che influiscono sull\u2019anima dello spazio, schermano quando ne- cessario gli elementi dedicati alla funzione abitativa come la cucina e la camera da letto poi poi sparire al cambio di funzione richiesta.<\/figcaption><\/figure>\n\n\n\n<figure class=\"wp-block-image size-full\"><img loading=\"lazy\" decoding=\"async\" width=\"596\" height=\"1185\" data-id=\"7327\" src=\"https:\/\/sites.unica.it\/pip\/files\/2023\/03\/sya23_federico-cartamantiglia_prog1_2-2.jpg\" alt=\"\" class=\"wp-image-7327\" srcset=\"https:\/\/sites.unica.it\/pip\/files\/2023\/03\/sya23_federico-cartamantiglia_prog1_2-2.jpg 596w, https:\/\/sites.unica.it\/pip\/files\/2023\/03\/sya23_federico-cartamantiglia_prog1_2-2-377x750.jpg 377w\" sizes=\"auto, (max-width: 596px) 100vw, 596px\" \/><figcaption class=\"wp-element-caption\">La sua idea generatrice parte dalla \u201cprospettiva accellerata\u201d di Borromini, tecnica in grado di alterare la profondit\u00e0 spaziale percepita. Le linee di proiezione prospettiche si materializzano grazie al legno di Noce.<\/figcaption><\/figure>\n\n\n\n<figure class=\"wp-block-image size-large\"><img loading=\"lazy\" decoding=\"async\" width=\"2048\" height=\"1245\" data-id=\"7328\" src=\"https:\/\/sites.unica.it\/pip\/files\/2023\/03\/sya23_federico-cartamantiglia_prog1_4-1-2048x1245.jpg\" alt=\"\" class=\"wp-image-7328\" srcset=\"https:\/\/sites.unica.it\/pip\/files\/2023\/03\/sya23_federico-cartamantiglia_prog1_4-1-2048x1245.jpg 2048w, https:\/\/sites.unica.it\/pip\/files\/2023\/03\/sya23_federico-cartamantiglia_prog1_4-1-750x456.jpg 750w, https:\/\/sites.unica.it\/pip\/files\/2023\/03\/sya23_federico-cartamantiglia_prog1_4-1-768x467.jpg 768w, https:\/\/sites.unica.it\/pip\/files\/2023\/03\/sya23_federico-cartamantiglia_prog1_4-1-1536x934.jpg 1536w\" sizes=\"auto, (max-width: 2048px) 100vw, 2048px\" \/><figcaption class=\"wp-element-caption\">Ne derivano delle vere e proprie QUINTE TEATRALI dove vengono distribuiti gli oggetti necessari per la vita di tutti i giorni, addensati sulle pareti lasciano la pianta completamente libera.<\/figcaption><\/figure>\n<\/figure>\n\n\n\n<div style=\"height:50px\" aria-hidden=\"true\" class=\"wp-block-spacer\"><\/div>\n\n\n\n<hr class=\"wp-block-separator alignwide has-alpha-channel-opacity\" \/>\n\n\n\n<div style=\"height:50px\" aria-hidden=\"true\" class=\"wp-block-spacer\"><\/div>\n\n\n\n<h3 class=\"wp-block-heading\">Progetto Fogo, Alghero<\/h3>\n\n\n\n<div style=\"height:50px\" aria-hidden=\"true\" class=\"wp-block-spacer\"><\/div>\n\n\n\n<figure class=\"wp-block-gallery alignwide has-nested-images columns-default is-cropped imageScrollGallery styleContain wp-block-gallery-2 is-layout-flex wp-block-gallery-is-layout-flex\">\n<figure class=\"wp-block-image size-full\"><img loading=\"lazy\" decoding=\"async\" width=\"1501\" height=\"910\" data-id=\"7331\" src=\"https:\/\/sites.unica.it\/pip\/files\/2023\/03\/sya23_federico-cartamantiglia_prog2_1-1.jpg\" alt=\"\" class=\"wp-image-7331\" srcset=\"https:\/\/sites.unica.it\/pip\/files\/2023\/03\/sya23_federico-cartamantiglia_prog2_1-1.jpg 1501w, https:\/\/sites.unica.it\/pip\/files\/2023\/03\/sya23_federico-cartamantiglia_prog2_1-1-750x455.jpg 750w, https:\/\/sites.unica.it\/pip\/files\/2023\/03\/sya23_federico-cartamantiglia_prog2_1-1-768x466.jpg 768w\" sizes=\"auto, (max-width: 1501px) 100vw, 1501px\" \/><figcaption class=\"wp-element-caption\">Locale commerciale, churrascaria Sardo-Brasiliana<br>Realizzato ad Alghero nel Giugno 2019 in collaborazione con l\u2019architetto Silvia Mocci e l\u2019architetto Davide Caneo, committente Nevero S.r.l.<\/figcaption><\/figure>\n\n\n\n<figure class=\"wp-block-image size-full\"><img loading=\"lazy\" decoding=\"async\" width=\"1501\" height=\"906\" data-id=\"7333\" src=\"https:\/\/sites.unica.it\/pip\/files\/2023\/03\/sya23_federico-cartamantiglia_prog2_3-1.jpg\" alt=\"\" class=\"wp-image-7333\" srcset=\"https:\/\/sites.unica.it\/pip\/files\/2023\/03\/sya23_federico-cartamantiglia_prog2_3-1.jpg 1501w, https:\/\/sites.unica.it\/pip\/files\/2023\/03\/sya23_federico-cartamantiglia_prog2_3-1-750x453.jpg 750w, https:\/\/sites.unica.it\/pip\/files\/2023\/03\/sya23_federico-cartamantiglia_prog2_3-1-768x464.jpg 768w\" sizes=\"auto, (max-width: 1501px) 100vw, 1501px\" \/><figcaption class=\"wp-element-caption\">Nella parte iniziale del progetto la vegetazione sovrasta letteralmente le esili pergole in ferro e bamb\u00f9, accentuando la senzazione di immersione totale nella natura.<\/figcaption><\/figure>\n\n\n\n<figure class=\"wp-block-image size-full\"><img loading=\"lazy\" decoding=\"async\" width=\"766\" height=\"953\" data-id=\"7332\" src=\"https:\/\/sites.unica.it\/pip\/files\/2023\/03\/sya23_federico-cartamantiglia_prog2_2-1.jpg\" alt=\"\" class=\"wp-image-7332\" srcset=\"https:\/\/sites.unica.it\/pip\/files\/2023\/03\/sya23_federico-cartamantiglia_prog2_2-1.jpg 766w, https:\/\/sites.unica.it\/pip\/files\/2023\/03\/sya23_federico-cartamantiglia_prog2_2-1-603x750.jpg 603w\" sizes=\"auto, (max-width: 766px) 100vw, 766px\" \/><figcaption class=\"wp-element-caption\">Passando all\u2019esterno questo rapporto quasi conflittuale trova finalmente il suo equilibrio compositivo.<br>A differenza del primo Fogo, qui la transizione interno-esterno non viene marcata, ma anzi \u00e8 quasi impercettibile.<\/figcaption><\/figure>\n\n\n\n<figure class=\"wp-block-image size-full\"><img loading=\"lazy\" decoding=\"async\" width=\"673\" height=\"1021\" data-id=\"7334\" src=\"https:\/\/sites.unica.it\/pip\/files\/2023\/03\/sya23_federico-cartamantiglia_prog2_4-1.jpg\" alt=\"\" class=\"wp-image-7334\" srcset=\"https:\/\/sites.unica.it\/pip\/files\/2023\/03\/sya23_federico-cartamantiglia_prog2_4-1.jpg 673w, https:\/\/sites.unica.it\/pip\/files\/2023\/03\/sya23_federico-cartamantiglia_prog2_4-1-494x750.jpg 494w\" sizes=\"auto, (max-width: 673px) 100vw, 673px\" \/><figcaption class=\"wp-element-caption\">Locale commerciale, churrascaria Sardo-Brasiliana<br>Realizzato a Cagliari nel Gennaio 2022 in collaborazione con l\u2019architetta Silvia Mocci, committente Nevero S.r.l.<\/figcaption><\/figure>\n\n\n\n<figure class=\"wp-block-image size-large\"><img loading=\"lazy\" decoding=\"async\" width=\"2048\" height=\"1235\" data-id=\"7337\" src=\"https:\/\/sites.unica.it\/pip\/files\/2023\/03\/sya23_federico-cartamantiglia_prog2_5-2048x1235.jpg\" alt=\"\" class=\"wp-image-7337\" srcset=\"https:\/\/sites.unica.it\/pip\/files\/2023\/03\/sya23_federico-cartamantiglia_prog2_5-2048x1235.jpg 2048w, https:\/\/sites.unica.it\/pip\/files\/2023\/03\/sya23_federico-cartamantiglia_prog2_5-750x452.jpg 750w, https:\/\/sites.unica.it\/pip\/files\/2023\/03\/sya23_federico-cartamantiglia_prog2_5-768x463.jpg 768w, https:\/\/sites.unica.it\/pip\/files\/2023\/03\/sya23_federico-cartamantiglia_prog2_5-1536x926.jpg 1536w\" sizes=\"auto, (max-width: 2048px) 100vw, 2048px\" \/><figcaption class=\"wp-element-caption\">Nella seconda parte si manifesta un grande volume che quasi osserva la vegetazione e segna il cambio del paradigma precedente.<\/figcaption><\/figure>\n\n\n\n<figure class=\"wp-block-image size-large\"><img loading=\"lazy\" decoding=\"async\" width=\"912\" height=\"1365\" data-id=\"7338\" src=\"https:\/\/sites.unica.it\/pip\/files\/2023\/03\/sya23_federico-cartamantiglia_prog2_6-912x1365.jpg\" alt=\"\" class=\"wp-image-7338\" srcset=\"https:\/\/sites.unica.it\/pip\/files\/2023\/03\/sya23_federico-cartamantiglia_prog2_6-912x1365.jpg 912w, https:\/\/sites.unica.it\/pip\/files\/2023\/03\/sya23_federico-cartamantiglia_prog2_6-501x750.jpg 501w, https:\/\/sites.unica.it\/pip\/files\/2023\/03\/sya23_federico-cartamantiglia_prog2_6-768x1150.jpg 768w, https:\/\/sites.unica.it\/pip\/files\/2023\/03\/sya23_federico-cartamantiglia_prog2_6-1026x1536.jpg 1026w, https:\/\/sites.unica.it\/pip\/files\/2023\/03\/sya23_federico-cartamantiglia_prog2_6.jpg 1106w\" sizes=\"auto, (max-width: 912px) 100vw, 912px\" \/><figcaption class=\"wp-element-caption\">L\u2019architettura prende il sopravvento sulla vegetazione inglobandola al suo interno, trasformandola in ele- mento di arredo e generatore spaziale cos\u00ec sospesa a mezza altezza.<\/figcaption><\/figure>\n<\/figure>\n\n\n\n<div style=\"height:50px\" aria-hidden=\"true\" class=\"wp-block-spacer\"><\/div>\n\n\n\n<hr class=\"wp-block-separator has-alpha-channel-opacity\" \/>\n\n\n\n<div style=\"height:50px\" aria-hidden=\"true\" class=\"wp-block-spacer\"><\/div>\n\n\n\n<h3 class=\"wp-block-heading\">progetto Teatro Collettivo, Alghero<\/h3>\n\n\n\n<div style=\"height:50px\" aria-hidden=\"true\" class=\"wp-block-spacer\"><\/div>\n\n\n\n<p>Progetto-Evento temporaneo, in fase di realizzazione. Alghero, committente, citt\u00e0 di Alghero e fondazione Alghero.<\/p>\n\n\n\n<figure class=\"wp-block-image size-full\"><img loading=\"lazy\" decoding=\"async\" width=\"1757\" height=\"885\" src=\"https:\/\/sites.unica.it\/pip\/files\/2023\/03\/sya23_federico-cartamantiglia_prog3_1.jpg\" alt=\"\" class=\"wp-image-7133\" srcset=\"https:\/\/sites.unica.it\/pip\/files\/2023\/03\/sya23_federico-cartamantiglia_prog3_1.jpg 1757w, https:\/\/sites.unica.it\/pip\/files\/2023\/03\/sya23_federico-cartamantiglia_prog3_1-750x378.jpg 750w, https:\/\/sites.unica.it\/pip\/files\/2023\/03\/sya23_federico-cartamantiglia_prog3_1-768x387.jpg 768w, https:\/\/sites.unica.it\/pip\/files\/2023\/03\/sya23_federico-cartamantiglia_prog3_1-1536x774.jpg 1536w\" sizes=\"auto, (max-width: 1757px) 100vw, 1757px\" \/><\/figure>\n\n\n\n<div style=\"height:50px\" aria-hidden=\"true\" class=\"wp-block-spacer\"><\/div>\n\n\n\n<p>L\u2019obbiettivo del progetto \u00e8 la realizzazione di un palcoscenico galleggiante che, attraverso il suo rapporto con diversi punti della cittadina di Alghero, generi sempre nuovi teatri, nuove interazioni, nuove immagini. Gli eventi avranno caratteri e stili distinti a seconda dello spirito che ogni luogo presenta.<\/p>\n\n\n\n<div style=\"height:50px\" aria-hidden=\"true\" class=\"wp-block-spacer\"><\/div>\n\n\n\n<figure class=\"wp-block-image size-full\"><img loading=\"lazy\" decoding=\"async\" width=\"1757\" height=\"1060\" src=\"https:\/\/sites.unica.it\/pip\/files\/2023\/03\/sya23_federico-cartamantiglia_prog3_2.jpg\" alt=\"\" class=\"wp-image-7134\" srcset=\"https:\/\/sites.unica.it\/pip\/files\/2023\/03\/sya23_federico-cartamantiglia_prog3_2.jpg 1757w, https:\/\/sites.unica.it\/pip\/files\/2023\/03\/sya23_federico-cartamantiglia_prog3_2-750x452.jpg 750w, https:\/\/sites.unica.it\/pip\/files\/2023\/03\/sya23_federico-cartamantiglia_prog3_2-768x463.jpg 768w, https:\/\/sites.unica.it\/pip\/files\/2023\/03\/sya23_federico-cartamantiglia_prog3_2-1536x927.jpg 1536w\" sizes=\"auto, (max-width: 1757px) 100vw, 1757px\" \/><\/figure>\n\n\n\n<div style=\"height:50px\" aria-hidden=\"true\" class=\"wp-block-spacer\"><\/div>\n\n\n\n<p>Un percorso itinerante che partir\u00e0 all\u2019alba e continuer\u00e0 durante la giornata con eventi musicali e spettacoli teatrali. Essendo concepito come evento temporaneo tutti gli elementi necessari per la realizzazione saran- no presi a noleggio cos\u00ec da ridurre l\u2019impatto economico ed ecologico dell\u2019opera. <\/p>\n\n\n\n<p>In un mondo dove viviamo la nostra realt\u00e0 condizionati dalla virtualit\u00e0 e non viceversa, la creazione di uno spettacolo inclusivo si pone come obbiettivo la ricerca di una realt\u00e0 collettiva. <\/p>\n","protected":false},"excerpt":{"rendered":"<p>Federico Cartamantiglia Lo studio \u201cRestare&#8230;tutto inizia in quel momento, quando dopo la fuga scegli l\u2019Isola e decidi di navigare assieme, realizzando sogni comuni verso un futuro migliore.\u201d Nato nel 1992 ad Alghero, Italia. Ha studiato architettura nell\u2019Universit\u00e0 di Sassari, dipartimento di Architet- tura di Alghero arricchendo i suoi studi con esperienze a Istanbul, Faculty of&hellip;&nbsp;<a href=\"https:\/\/sites.unica.it\/pip\/2023\/03\/02\/sya23-federico-cartamantiglia\/\" rel=\"bookmark\">Leggi tutto &raquo;<span class=\"screen-reader-text\">SYA23 Federico Cartamantiglia<\/span><\/a><\/p>\n","protected":false},"author":9566,"featured_media":0,"comment_status":"open","ping_status":"open","sticky":false,"template":"","format":"standard","meta":{"neve_meta_sidebar":"","neve_meta_container":"","neve_meta_enable_content_width":"","neve_meta_content_width":0,"neve_meta_title_alignment":"","neve_meta_author_avatar":"","neve_post_elements_order":"[\"title\",\"content\"]","neve_meta_disable_header":"","neve_meta_disable_footer":"","neve_meta_disable_title":"","footnotes":""},"categories":[1,14],"tags":[],"class_list":["post-6633","post","type-post","status-publish","format-standard","hentry","category-senza-categoria","category-sya-2023"],"_links":{"self":[{"href":"https:\/\/sites.unica.it\/pip\/wp-json\/wp\/v2\/posts\/6633","targetHints":{"allow":["GET"]}}],"collection":[{"href":"https:\/\/sites.unica.it\/pip\/wp-json\/wp\/v2\/posts"}],"about":[{"href":"https:\/\/sites.unica.it\/pip\/wp-json\/wp\/v2\/types\/post"}],"author":[{"embeddable":true,"href":"https:\/\/sites.unica.it\/pip\/wp-json\/wp\/v2\/users\/9566"}],"replies":[{"embeddable":true,"href":"https:\/\/sites.unica.it\/pip\/wp-json\/wp\/v2\/comments?post=6633"}],"version-history":[{"count":5,"href":"https:\/\/sites.unica.it\/pip\/wp-json\/wp\/v2\/posts\/6633\/revisions"}],"predecessor-version":[{"id":7339,"href":"https:\/\/sites.unica.it\/pip\/wp-json\/wp\/v2\/posts\/6633\/revisions\/7339"}],"wp:attachment":[{"href":"https:\/\/sites.unica.it\/pip\/wp-json\/wp\/v2\/media?parent=6633"}],"wp:term":[{"taxonomy":"category","embeddable":true,"href":"https:\/\/sites.unica.it\/pip\/wp-json\/wp\/v2\/categories?post=6633"},{"taxonomy":"post_tag","embeddable":true,"href":"https:\/\/sites.unica.it\/pip\/wp-json\/wp\/v2\/tags?post=6633"}],"curies":[{"name":"wp","href":"https:\/\/api.w.org\/{rel}","templated":true}]}}