{"id":3531,"date":"2025-08-27T11:55:12","date_gmt":"2025-08-27T09:55:12","guid":{"rendered":"https:\/\/sites.unica.it\/g-lab\/progetto-tersicore-ciclo-di-seminari-e-lavoro-sul-campo\/"},"modified":"2026-02-06T09:33:22","modified_gmt":"2026-02-06T08:33:22","slug":"progetto-tersicore-ciclo-di-seminari-e-lavoro-sul-campo","status":"publish","type":"post","link":"https:\/\/sites.unica.it\/g-lab\/progetto-tersicore-ciclo-di-seminari-e-lavoro-sul-campo\/?lang=en","title":{"rendered":"Progetto &#8220;Tersicore&#8221; &#8211; ciclo di seminari e lavoro sul campo"},"content":{"rendered":"\n<figure class=\"wp-block-image alignwide size-full\"><img loading=\"lazy\" decoding=\"async\" width=\"2560\" height=\"541\" src=\"https:\/\/sites.unica.it\/g-lab\/files\/2025\/08\/Tersicore-striscia-loghi-1-scaled.png\" alt=\"\" class=\"wp-image-3475\" title=\"cs-man\" srcset=\"https:\/\/sites.unica.it\/g-lab\/files\/2025\/08\/Tersicore-striscia-loghi-1-scaled.png 2560w, https:\/\/sites.unica.it\/g-lab\/files\/2025\/08\/Tersicore-striscia-loghi-1-400x85.png 400w, https:\/\/sites.unica.it\/g-lab\/files\/2025\/08\/Tersicore-striscia-loghi-1-1024x216.png 1024w, https:\/\/sites.unica.it\/g-lab\/files\/2025\/08\/Tersicore-striscia-loghi-1-768x162.png 768w, https:\/\/sites.unica.it\/g-lab\/files\/2025\/08\/Tersicore-striscia-loghi-1-1536x325.png 1536w, https:\/\/sites.unica.it\/g-lab\/files\/2025\/08\/Tersicore-striscia-loghi-1-2048x433.png 2048w\" sizes=\"auto, (max-width: 2560px) 100vw, 2560px\" \/><\/figure>\n\n\n\n<hr class=\"wp-block-separator alignwide has-text-color has-alpha-channel-opacity has-background\" style=\"background-color:#666666;color:#666666\" \/>\n\n\n\n<h3 class=\"wp-block-heading has-text-align-center cs-man\">Progetto TERSICORE<\/h3>\n\n\n\n<h2 class=\"wp-block-heading alignwide has-text-align-center\">Ciclo di seminari e lavoro sul campo<\/h2>\n\n\n\n<h4 class=\"wp-block-heading has-text-align-center\">20 settembre &#8211; 6 ottobre 2025<\/h4>\n\n\n\n<p>Il ciclo di seminari presenta gli avanzamenti della ricerca condotta all\u2019interno del <strong>progetto TERSICORE<\/strong>, con il focus sul caso studio del progetto di autocostruzione &#8220;IsMy&#8221;, realizzato nel quartiere Is Mirrionis a Cagliari.<\/p>\n\n\n\n<p>Il progetto TERSICORE<em> <\/em>(<em>Technologies for Evaluation and Research for Sustainability Innovation: a Community Oriented Regenerative Evolutions<\/em>) ha l&#8217;obiettivo di progettare, sviluppare, e testare &#8211; in condizioni operative reali su un caso pilota &#8211; strumenti, protocolli di costruzione della conoscenza, e tecnologie in relazione alle dimensioni psico-sociale e ambientale, per supportare, valutare e stimare gli impatti degli interventi di rigenerazione urbana basati sulle pratiche di autocostruzione delle \u201carchitetture generative\u201d.<\/p>\n\n\n\n<p>Gli approfondimenti in questo ciclo di seminari e attivit\u00e0 sul campo saranno dedicati sia allo sviluppo di metodologie, protocolli e strumenti di analisi elaborate nell&#8217;ambito del progetto, che alla presentazione e discussione dei risultati ottenuti dalle loro applicazioni al caso studio.<\/p>\n\n\n\n<p>I seminari, le conferenze e le attivit\u00e0 sul campo ospitano studiosi ed esperti in visita <strong>Salvador Anton Clav\u00e9 <\/strong>(Universit\u00e0 Rovira i Virgili di Tarragona), <strong>Carles Crosas Armengol <\/strong>(ETSAB &#8211; Universit\u00e0 Politecnica di Catalogna &#8211; UPC), <strong>Paul Domouchel <\/strong>(Universit\u00e0 di Quebec in Montreal &#8211; UQAM), <strong>Ezio Micelli <\/strong>(Universit\u00e0 IUAV di Venezia) ed <strong>Alexis Tsoukias <\/strong>(Universit\u00e0 Dauphine Paris).<\/p>\n\n\n\n<p>Tutte le attivit\u00e0 sono aperte al pubblico.<\/p>\n\n\n\n<p><\/p>\n\n\n\n<h2 class=\"wp-block-heading\">Calendario<\/h2>\n\n\n\n<hr class=\"wp-block-separator has-text-color has-alpha-channel-opacity has-background is-style-dots\" style=\"background-color:#666666;color:#666666\" \/>\n\n\n\n<p><strong>Sabato 20 settembre 2025<\/strong>, <strong>9:00-13:00<\/strong><br>&#8220;Piazza Senza Nome&#8221;, Quartiere Is Mirrionis, Cagliari<\/p>\n\n\n\n<h3 class=\"wp-block-heading cs-man\">Caso studio: sopralluogo e lavoro sul cantiere di autocostruzione &#8220;IsMy&#8221;<\/h3>\n\n\n\n<h5 class=\"wp-block-heading\">con Carles Crosas Armengol, Carlo Atzeni, Ivan Ble\u010di\u0107, Chiara Cabras, Giulia Giliberto, Andrea Margagliotti, Silvia Mocci ed Emanuel Muroni<\/h5>\n\n\n\n<hr class=\"wp-block-separator has-text-color has-alpha-channel-opacity has-background is-style-dots\" style=\"background-color:#666666;color:#666666\" \/>\n\n\n\n<p><strong>Domenica 21 settembre 2025<\/strong>, <strong>19:00-22:00<\/strong><br>&#8220;Piazza Senza Nome&#8221;, Quartiere Is Mirrionis, Cagliari<\/p>\n\n\n\n<h3 class=\"wp-block-heading cs-man\">Evento di inaugurazione del progetto di autocostruzione &#8220;IsMy&#8221;<\/h3>\n\n\n\n<h5 class=\"wp-block-heading\">con intervento di Carles Crosas Armengol<\/h5>\n\n\n\n<hr class=\"wp-block-separator has-text-color has-alpha-channel-opacity has-background is-style-dots\" style=\"background-color:#666666;color:#666666\" \/>\n\n\n\n<p><strong>Luned\u00ec 22 settembre 2025<\/strong>, <strong>11:00-13:00<\/strong><br>Aula ex Presidenza &#8211; Palazzo Cugia (2\u00b0 piano), Via Santa Croce, 67<\/p>\n\n\n\n<h5 class=\"wp-block-heading cs-man\">Conferenza di <strong>Carles Crosas Armengol<\/strong><\/h5>\n\n\n\n<h3 class=\"wp-block-heading\">&#8220;Integrative and Adaptable Urban Design, Inclusive Public Spaces, and Tools for Urban Analysis&#8221;<\/h3>\n\n\n\n<hr class=\"wp-block-separator has-text-color has-alpha-channel-opacity has-background is-style-dots\" style=\"background-color:#666666;color:#666666\" \/>\n\n\n\n<p><strong>Venerd\u00ec 26 settembre 2025<\/strong>, <strong>11:30-13:30<\/strong><br>Aula A &#8211; Edificio A (Campus Facolt\u00e0 di Ingegneria e Architettura, Via Marengo, 2<\/p>\n\n\n\n<h3 class=\"wp-block-heading cs-man\">\u201cValutare le capacit\u00e0 urbane: le <em>affordance<\/em> dello spazio pubblico\u201d<\/h3>\n\n\n\n<h5 class=\"wp-block-heading\">Seminario con Giulia Giliberto; ne discutono Ezio Micelli, Alexis Tsoukias e Ivan Ble\u010di\u0107<\/h5>\n\n\n\n<hr class=\"wp-block-separator has-text-color has-alpha-channel-opacity has-background is-style-dots\" style=\"background-color:#666666;color:#666666\" \/>\n\n\n\n<p><strong>Venerd\u00ec 26 settembre 2025<\/strong>, <strong>17:00-19:00<\/strong><br>Aula Nuova, Palazzo Cugia (2\u00b0 piano), Via Santa Croce, 67<\/p>\n\n\n\n<h3 class=\"wp-block-heading cs-man\">\u201cVerso un modello integrato per la valutazione delle capacit\u00e0 urbane\u201d<\/h3>\n\n\n\n<h5 class=\"wp-block-heading\">Seminario con Nicolas Fayard e Giulia Giliberto; ne discutono Alexis Tsoukias, Ezio Micelli e Ivan Ble\u010di\u0107<\/h5>\n\n\n\n<hr class=\"wp-block-separator has-text-color has-alpha-channel-opacity has-background is-style-dots\" style=\"background-color:#666666;color:#666666\" \/>\n\n\n\n<p><strong>Sabato 27 settembre 2025<\/strong>, <strong>9:00-12:00<\/strong><br>&#8220;Piazza Senza Nome&#8221;, Quartiere Is Mirrionis, Cagliari<\/p>\n\n\n\n<h3 class=\"wp-block-heading cs-man\">Caso studio: sopralluogo e lavoro sul campo dell&#8217;intervento &#8220;IsMy&#8221;<\/h3>\n\n\n\n<h5 class=\"wp-block-heading\">con Ezio Micelli e Giulia Giliberto<\/h5>\n\n\n\n<hr class=\"wp-block-separator has-text-color has-alpha-channel-opacity has-background is-style-dots\" style=\"background-color:#666666;color:#666666\" \/>\n\n\n\n<p><strong>Luned\u00ec 29 settembre 2025<\/strong>, <strong>17:00-19:00<\/strong><br>&#8220;Stanza Commissioni&#8221; (Piano Aula Magna &#8220;Gaetano Cima&#8221;), Via Corte d\u2019Appello, 87<\/p>\n\n\n\n<h3 class=\"wp-block-heading cs-man\">\u201cMimetic Theory and Fieldwork. A Methodology for Observing How People Behave in Public Spaces\u201d<\/h3>\n\n\n\n<h5 class=\"wp-block-heading\">Seminario con Paul Dumouchel, Emanuel Muroni e Ivan Ble\u010di\u0107<\/h5>\n\n\n\n<hr class=\"wp-block-separator has-text-color has-alpha-channel-opacity has-background is-style-dots\" style=\"background-color:#666666;color:#666666\" \/>\n\n\n\n<p><strong>Marted\u00ec 30 settembre 2025<\/strong>, <strong>17:00-19:00<\/strong><br>&#8220;Stanza Commissioni&#8221; (Piano Aula Magna &#8220;Gaetano Cima&#8221;), Via Corte d\u2019Appello, 87<\/p>\n\n\n\n<h3 class=\"wp-block-heading cs-man\">\u201cFields of Conflict: Impacts of Large-Scale Projects on Local Enthnogeographies.\u201d<\/h3>\n\n\n\n<h5 class=\"wp-block-heading\">Seminario con Benedetta Medas; ne discutono Ivan Ble\u010di\u0107, Paul Dumouchel ed Emanuel Muroni<\/h5>\n\n\n\n<hr class=\"wp-block-separator has-text-color has-alpha-channel-opacity has-background is-style-dots\" style=\"background-color:#666666;color:#666666\" \/>\n\n\n\n<p><strong>Mercoled\u00ec 1 ottobre 2025<\/strong>, <strong>17:00-19:00<\/strong><br>&#8220;Stanza Commissioni&#8221; (Piano Aula Magna &#8220;Gaetano Cima&#8221;), Via Corte d\u2019Appello, 87<\/p>\n\n\n\n<h3 class=\"wp-block-heading cs-man\">\u201cObserving the Impact of Spatial Transformation Through Changes in People&#8217;s Behaviour. Preliminary Results\u201d<\/h3>\n\n\n\n<h5 class=\"wp-block-heading\">Seminario con Paul Dumouchel, Oriana Mosca ed Emanuel Muroni<\/h5>\n\n\n\n<hr class=\"wp-block-separator has-text-color has-alpha-channel-opacity has-background is-style-dots\" style=\"background-color:#666666;color:#666666\" \/>\n\n\n\n<p><strong>Venerd\u00ec 3 ottobre 2025<\/strong>, <strong>10:00-13:00<\/strong><br>&#8220;Aula Master&#8221; Palazzo Cugia 3\u00b0 piano, Via Santa Croce, 67<\/p>\n\n\n\n<h3 class=\"wp-block-heading cs-man\">\u201cSocial Construction of Heritage as Territorial Commons for Local Development&#8221;<\/h3>\n\n\n\n<h5 class=\"wp-block-heading\">Seminario con Maria Carla Saliu; ne discutono Ivan Ble\u010di\u0107, Arnaldo &#8216;Bibo&#8217; Cecchini, Salvador Anton Clav\u00e9, Paul Dumouchel e Antonello Sanna<\/h5>\n\n\n\n<hr class=\"wp-block-separator has-text-color has-alpha-channel-opacity has-background is-style-dots\" style=\"background-color:#666666;color:#666666\" \/>\n\n\n\n<p><strong>Sabato 4 ottobre 2025<\/strong>, <strong>9:00-13:00<\/strong><br>&#8220;Piazza Senza Nome&#8221;, Quartiere Is Mirrionis, Cagliari<\/p>\n\n\n\n<h3 class=\"wp-block-heading cs-man\">Caso studio: visita guidata e lavoro sul campo <\/h3>\n\n\n\n<h5 class=\"wp-block-heading\">con Salvador Anton Clav\u00e9, Paul Dumouchel, Emanuel Muroni e Maria Carla Saliu<\/h5>\n\n\n\n<hr class=\"wp-block-separator has-text-color has-alpha-channel-opacity has-background is-style-dots\" style=\"background-color:#666666;color:#666666\" \/>\n\n\n\n<p><strong>Gruppo di organizzazione del Ciclo<\/strong> <br>Giulia Giliberto (coordinatrice), Chiara Cabras, Andrea Margagliotti, Benedetta Medas, Emanuel Muroni e  Maria Carla Saliu<\/p>\n\n\n\n<p><strong>Progetto &#8220;TERSICORE&#8221; &#8211; Technologies for Evaluation and Research for Sustainability Innovation: a Community Oriented Regenerative Evolutions &#8211; &#8220;bando a cascata&#8221; su Programma di ricerca e innovazione \u201cMUSA \u2013 Multilayered Urban Sustainability Action\u201d CUP H43C22000550001<\/strong><\/p>\n\n\n\n<p><strong>Responsabili scientifici del progetto<\/strong> <strong>&#8220;TERSICORE&#8221;<\/strong><br>Ivan Ble\u010di\u0107 (Dipartimento di Ingegneria Civile, Ambientale e Architettura); Oriana Mosca e Ferdinando Fornara (Dipartimento di Pedagogia, Psicologia e Filosofia); Pierluigi Cortis e Annalena Cogoni (Dipartimento di Scienze della Vita e dell&#8217;Ambiente)<\/p>\n\n\n\n<p><strong>Coordinamento organizzativo del progetto &#8220;TERSICORE&#8221;<\/strong> <br>Giulia Giliberto e Emanuel Muroni<\/p>\n\n\n\n<p><strong>Gruppo di lavoro progetto di autocostruzione &#8220;IsMy&#8221; (UNICA SPACE FORCE)<\/strong><br>Coordinamento Scientifico: Carlo Atzeni, Ivan Ble\u010di\u0107&nbsp;<br>Direzione scientifica: Stefano Cadoni, Giulia Giliberto, Francesco Marras, Silvia Mocci, Emanuel Muroni, Valeria Saiu<br>Tutor: Michele Agus, Chiara Cabras,&nbsp;Andrea Margagliotti, Maria Carla Saliu.<\/p>\n","protected":false},"excerpt":{"rendered":"<p>20 settembre &#8211; 4 ottobre 2025. Il ciclo di seminari presenta gli avanzamenti della ricerca condotta all\u2019interno del progetto TERSICORE, con il focus sul caso studio del progetto di autocostruzione &#8220;IsMy&#8221;, realizzato nel quartiere Is Mirrionis a Cagliari.<\/p>\n","protected":false},"author":2755,"featured_media":3554,"comment_status":"closed","ping_status":"closed","sticky":false,"template":"","format":"standard","meta":{"neve_meta_sidebar":"","neve_meta_container":"","neve_meta_enable_content_width":"","neve_meta_content_width":0,"neve_meta_title_alignment":"","neve_meta_author_avatar":"","neve_post_elements_order":"[\"content\"]","neve_meta_disable_header":"off","neve_meta_disable_footer":"on","neve_meta_disable_title":"","footnotes":""},"categories":[1],"tags":[],"class_list":["post-3531","post","type-post","status-publish","format-standard","has-post-thumbnail","hentry","category-non-categorizzato"],"_links":{"self":[{"href":"https:\/\/sites.unica.it\/g-lab\/wp-json\/wp\/v2\/posts\/3531","targetHints":{"allow":["GET"]}}],"collection":[{"href":"https:\/\/sites.unica.it\/g-lab\/wp-json\/wp\/v2\/posts"}],"about":[{"href":"https:\/\/sites.unica.it\/g-lab\/wp-json\/wp\/v2\/types\/post"}],"author":[{"embeddable":true,"href":"https:\/\/sites.unica.it\/g-lab\/wp-json\/wp\/v2\/users\/2755"}],"replies":[{"embeddable":true,"href":"https:\/\/sites.unica.it\/g-lab\/wp-json\/wp\/v2\/comments?post=3531"}],"version-history":[{"count":5,"href":"https:\/\/sites.unica.it\/g-lab\/wp-json\/wp\/v2\/posts\/3531\/revisions"}],"predecessor-version":[{"id":3546,"href":"https:\/\/sites.unica.it\/g-lab\/wp-json\/wp\/v2\/posts\/3531\/revisions\/3546"}],"wp:featuredmedia":[{"embeddable":true,"href":"https:\/\/sites.unica.it\/g-lab\/wp-json\/wp\/v2\/media\/3554"}],"wp:attachment":[{"href":"https:\/\/sites.unica.it\/g-lab\/wp-json\/wp\/v2\/media?parent=3531"}],"wp:term":[{"taxonomy":"category","embeddable":true,"href":"https:\/\/sites.unica.it\/g-lab\/wp-json\/wp\/v2\/categories?post=3531"},{"taxonomy":"post_tag","embeddable":true,"href":"https:\/\/sites.unica.it\/g-lab\/wp-json\/wp\/v2\/tags?post=3531"}],"curies":[{"name":"wp","href":"https:\/\/api.w.org\/{rel}","templated":true}]}}