{"id":3169,"date":"2024-05-20T11:17:02","date_gmt":"2024-05-20T09:17:02","guid":{"rendered":"https:\/\/sites.unica.it\/g-lab\/?p=3169"},"modified":"2025-09-28T12:00:23","modified_gmt":"2025-09-28T10:00:23","slug":"unicasa-2024-sa-duchessa","status":"publish","type":"post","link":"https:\/\/sites.unica.it\/g-lab\/unicasa-2024-sa-duchessa\/","title":{"rendered":"UNICAsa 2024 &#8211; Sa Duchessa"},"content":{"rendered":"<div class=\"wp-block-image is-resized\">\n<figure class=\"aligncenter size-medium\"><img loading=\"lazy\" decoding=\"async\" width=\"400\" height=\"104\" src=\"https:\/\/sites.unica.it\/g-lab\/files\/2023\/05\/UNICA-logo-400x104.png\" alt=\"\" class=\"wp-image-2716\" srcset=\"https:\/\/sites.unica.it\/g-lab\/files\/2023\/05\/UNICA-logo-400x104.png 400w, https:\/\/sites.unica.it\/g-lab\/files\/2023\/05\/UNICA-logo-1024x267.png 1024w, https:\/\/sites.unica.it\/g-lab\/files\/2023\/05\/UNICA-logo-768x200.png 768w, https:\/\/sites.unica.it\/g-lab\/files\/2023\/05\/UNICA-logo-1536x400.png 1536w, https:\/\/sites.unica.it\/g-lab\/files\/2023\/05\/UNICA-logo.png 1613w\" sizes=\"auto, (max-width: 400px) 100vw, 400px\" \/><\/figure><\/div>\n\n\n<p class=\"has-text-align-center\"><strong>presenta<\/strong><\/p>\n\n\n\n<div class=\"wp-block-cover alignwide\" style=\"min-height:100vh;aspect-ratio:unset;\"><img loading=\"lazy\" decoding=\"async\" width=\"1024\" height=\"683\" class=\"wp-block-cover__image-background wp-image-3219\" alt=\"\" src=\"https:\/\/sites.unica.it\/g-lab\/files\/2024\/05\/UNICAsa-giardino-scritta-1024x683.jpg\" data-object-fit=\"cover\" srcset=\"https:\/\/sites.unica.it\/g-lab\/files\/2024\/05\/UNICAsa-giardino-scritta-1024x683.jpg 1024w, https:\/\/sites.unica.it\/g-lab\/files\/2024\/05\/UNICAsa-giardino-scritta-400x267.jpg 400w, https:\/\/sites.unica.it\/g-lab\/files\/2024\/05\/UNICAsa-giardino-scritta-768x512.jpg 768w, https:\/\/sites.unica.it\/g-lab\/files\/2024\/05\/UNICAsa-giardino-scritta-1536x1024.jpg 1536w, https:\/\/sites.unica.it\/g-lab\/files\/2024\/05\/UNICAsa-giardino-scritta-2048x1365.jpg 2048w, https:\/\/sites.unica.it\/g-lab\/files\/2024\/05\/UNICAsa-giardino-scritta-930x620.jpg 930w\" sizes=\"auto, (max-width: 1024px) 100vw, 1024px\" \/><span aria-hidden=\"true\" class=\"wp-block-cover__background has-background-dim-40 has-background-dim\"><\/span><div class=\"wp-block-cover__inner-container is-layout-flow wp-block-cover-is-layout-flow\">\n<h3 class=\"wp-block-heading has-text-align-center\">UNICAsa 2024<br>&#8220;Sa Duchessa&#8221;<\/h3>\n\n\n\n<h4 class=\"wp-block-heading has-text-align-center\">Laboratorio di progetto e di auto-costruzione<br>dell&#8217;Universit\u00e0 di Cagliari<\/h4>\n\n\n\n<h5 class=\"wp-block-heading has-text-align-center\">Giugno-settembre 2024<\/h5>\n<\/div><\/div>\n\n\n\n<div style=\"height:50px\" aria-hidden=\"true\" class=\"wp-block-spacer\"><\/div>\n\n\n\n<h2 class=\"wp-block-heading\">Che cos&#8217;\u00e8 UNICAsa?<\/h2>\n\n\n\n<p>L&#8217;Universit\u00e0 degli Studi di Cagliari promuove il <strong>progetto UNICAsa<\/strong> &#8211; &#8220;UNICAspaziaperti: rinnovare la qualit\u00e0 dei luoghi dell\u2019apprendimento&#8221; &#8211; volto a realizzare negli spazi di pertinenza dell&#8217;Ateneo cagliaritano, secondo un approccio coordinato e sistemico, una <strong>serie di dispositivi negli spazi aperti<\/strong> capaci di moltiplicarne gli usi e di renderli luoghi aggreganti e radunanti ad elevate condizioni di abitabilit\u00e0 e adattabilit\u00e0.<\/p>\n\n\n\n<figure class=\"wp-block-image alignwide size-large\"><img loading=\"lazy\" decoding=\"async\" width=\"1024\" height=\"683\" src=\"https:\/\/sites.unica.it\/g-lab\/files\/2024\/05\/UNICAsa-pergola1-1024x683.jpg\" alt=\"\" class=\"wp-image-3197\" srcset=\"https:\/\/sites.unica.it\/g-lab\/files\/2024\/05\/UNICAsa-pergola1-1024x683.jpg 1024w, https:\/\/sites.unica.it\/g-lab\/files\/2024\/05\/UNICAsa-pergola1-400x267.jpg 400w, https:\/\/sites.unica.it\/g-lab\/files\/2024\/05\/UNICAsa-pergola1-768x512.jpg 768w, https:\/\/sites.unica.it\/g-lab\/files\/2024\/05\/UNICAsa-pergola1-1536x1024.jpg 1536w, https:\/\/sites.unica.it\/g-lab\/files\/2024\/05\/UNICAsa-pergola1-2048x1365.jpg 2048w, https:\/\/sites.unica.it\/g-lab\/files\/2024\/05\/UNICAsa-pergola1-930x620.jpg 930w\" sizes=\"auto, (max-width: 1024px) 100vw, 1024px\" \/><figcaption class=\"wp-element-caption\">&#8220;Pergola&#8221; &#8211; UNICAsa Episodio 1 &#8220;Ingegneria e Architettura&#8221;, settembre 2023<\/figcaption><\/figure>\n\n\n\n<p><\/p>\n\n\n\n<p>UNICAsa prevede<strong> una serie di laboratori di progetto e autocostruzione<\/strong> <strong>nei prossimi anni<\/strong>, pluridisciplinari, coordinati e condotti dalla Scuola di Architettura del DICAAR, con la collaborazione e il coinvolgimento di volta in volta delle Facolt\u00e0 e dei Dipartimenti nei cui spazi saranno realizzati gli interventi.<\/p>\n\n\n\n<p>Ispirato alle precedenti esperienze di <a href=\"https:\/\/sites.unica.it\/pip\/doors-of-identity\/\"><strong>Doors of Identity<\/strong><\/a>, <a href=\"https:\/\/sites.unica.it\/pip\/oranilab\"><strong>OraniLAB<\/strong><\/a> e MogoroLAB, UNICAsa intende rendere pi\u00f9 accoglienti gli spazi aperti, trasferire connotati di domesticit\u00e0 contemporanea, introdurre piccoli <em>hub <\/em>relazionali a diretto contatto con la natura che popola gli spazi aperti, per contribuire a trasformare progressivamente l\u2019universit\u00e0 nella nuova &#8220;casa&#8221; per gli studenti e le studentesse di UNICA.<\/p>\n\n\n\n<p><\/p>\n\n\n\n<figure class=\"wp-block-image alignwide size-large\"><img loading=\"lazy\" decoding=\"async\" width=\"1024\" height=\"683\" src=\"https:\/\/sites.unica.it\/g-lab\/files\/2024\/05\/UNICAsa-fare3-1024x683.jpg\" alt=\"\" class=\"wp-image-3203\" srcset=\"https:\/\/sites.unica.it\/g-lab\/files\/2024\/05\/UNICAsa-fare3-1024x683.jpg 1024w, https:\/\/sites.unica.it\/g-lab\/files\/2024\/05\/UNICAsa-fare3-400x267.jpg 400w, https:\/\/sites.unica.it\/g-lab\/files\/2024\/05\/UNICAsa-fare3-768x512.jpg 768w, https:\/\/sites.unica.it\/g-lab\/files\/2024\/05\/UNICAsa-fare3-1536x1024.jpg 1536w, https:\/\/sites.unica.it\/g-lab\/files\/2024\/05\/UNICAsa-fare3-2048x1365.jpg 2048w, https:\/\/sites.unica.it\/g-lab\/files\/2024\/05\/UNICAsa-fare3-930x620.jpg 930w\" sizes=\"auto, (max-width: 1024px) 100vw, 1024px\" \/><figcaption class=\"wp-element-caption\">UNICAsa Episodio 1 &#8220;Ingegneria e Architettura&#8221;, settembre 2023<\/figcaption><\/figure>\n\n\n\n<p>Oltre a ripensare la qualit\u00e0 e la natura degli spazi aperti dei differenti presidi individuati, attraverso una disponibilit\u00e0 limitata di materiale per costruzioni rimovibili (pannelli a base lignea, policarbonato, molari e tavole di legno, e cos\u00ec via), i laboratori procederanno alla <strong>realizzazione in autocostruzione dei progetti ideati<\/strong>. I dispositivi costruiti avranno la natura modulare, reversibile, riciclabile, facilmente smontabile e trasportabile.<\/p>\n\n\n\n<p>L&#8217;intervento \u00e8 realizzato in coordinamento con il progetto TERSICORE (Technologies for Evaluation and Research for Sustainability Innovation: a Community-Oriented Regenerative Evolutions), un\u2019iniziativa interdipartimentale finanziata nell\u2019ambito del PNRR \u2013 Misura 4 Componente 2 Investimento 1.5 \u2013 all\u2019interno dello Spoke 1 del progetto MUSA (Multilayered Urban Sustainability Action) finanziato dall\u2019Unione europea \u2013 NextGenerationEU.<\/p>\n\n\n\n<p>Nell\u2019ambito del progetto TERSICORE, un gruppo di ricerca valuter\u00e0 mediante l\u2019applicazione di strumenti, protocolli e nuove tecnologie le dinamiche di interazione tra le persone e I luoghi indagati, e condurr\u00e0 un analisi ambientale degli spazi aperti. Le attivit\u00e0 di valutazione, comprensive articolate su due dimensioni (psico-sociale e ambientale), supporteranno la fase progettuale dei dispositivi architettonici e valuteranno l\u2019efficacia e l\u2019impatto dell\u2019intervento realizzato in relazione al benessere degli utenti e alla fruibilit\u00e0 degli spazi dopo la trasformazione.<\/p>\n\n\n\n<p>I coordinatori scientifici di UNICAsa sono Carlo Atzeni e Ivan Ble\u010di\u0107.<\/p>\n\n\n\n<figure class=\"wp-block-image alignwide size-large\"><img loading=\"lazy\" decoding=\"async\" width=\"1024\" height=\"683\" src=\"https:\/\/sites.unica.it\/g-lab\/files\/2024\/05\/UNICAsa-Ivan-Carlo-1024x683.jpg\" alt=\"\" class=\"wp-image-3205\" srcset=\"https:\/\/sites.unica.it\/g-lab\/files\/2024\/05\/UNICAsa-Ivan-Carlo-1024x683.jpg 1024w, https:\/\/sites.unica.it\/g-lab\/files\/2024\/05\/UNICAsa-Ivan-Carlo-400x267.jpg 400w, https:\/\/sites.unica.it\/g-lab\/files\/2024\/05\/UNICAsa-Ivan-Carlo-768x512.jpg 768w, https:\/\/sites.unica.it\/g-lab\/files\/2024\/05\/UNICAsa-Ivan-Carlo-1536x1024.jpg 1536w, https:\/\/sites.unica.it\/g-lab\/files\/2024\/05\/UNICAsa-Ivan-Carlo-2048x1365.jpg 2048w, https:\/\/sites.unica.it\/g-lab\/files\/2024\/05\/UNICAsa-Ivan-Carlo-930x620.jpg 930w\" sizes=\"auto, (max-width: 1024px) 100vw, 1024px\" \/><figcaption class=\"wp-element-caption\">UNICAsa Episodio 1 &#8220;Ingegneria e Architettura&#8221;, settembre 2023<\/figcaption><\/figure>\n\n\n\n<p><\/p>\n\n\n\n<h2 class=\"wp-block-heading alignwide has-text-align-center\">UNICAsa episodio 2 &#8220;Sa Duchessa&#8221; <\/h2>\n\n\n\n<p><\/p>\n\n\n\n<h3 class=\"wp-block-heading\">Che cosa faremo?<\/h3>\n\n\n\n<p>Dopo il primo episodio nel campus della Facolt\u00e0 di Ingegneria e Architettura, <strong>il secondo episodio riguarder\u00e0 il polo di Sa Duchessa<\/strong>, e si svolger\u00e0 in due fasi, nei mesi di giugno e settembre 2024.<\/p>\n\n\n\n<p>Il progetto consister\u00e0 nel ripensamento degli spazi aperti del comparto di Sa Duchessa, con l\u2019inserimento di dispositivi per il miglioramento della qualit\u00e0 delle condizioni di abitabilit\u00e0 e socialit\u00e0, e per l\u2019attivazione di usi informali all&#8217;aperto.<\/p>\n\n\n\n<p>Le attivit\u00e0 prevedono <strong>tre fasi: &#8220;il pensiero&#8221;, &#8220;il tutorial&#8221; e &#8220;l&#8217;azione&#8221;<\/strong>.<\/p>\n\n\n\n<h4 class=\"wp-block-heading\">1. <strong>&#8220;Il pensiero&#8221;: laboratorio progettuale, dal 24 al 28 giugno<\/strong><\/h4>\n\n\n\n<p>L&#8217;attivit\u00e0 di progettazione dell&#8217;intervento, si svolger\u00e0 in aula e negli spazi oggetto dell&#8217;intervento, con <strong>l&#8217;impegno di mezza giornata <\/strong>di pomeriggio (15:00-19:00) dal 24 al 28 giugno.<\/p>\n\n\n\n<p>Nei cinque giorni del laboratorio progettuale, le attivit\u00e0 coinvolgeranno studenti e studentesse divisi in quattro &#8220;reparti&#8221; che elaboreranno in parallelo:<\/p>\n\n\n\n<ul class=\"wp-block-list\">\n<li><strong> il progetto dello spazio <\/strong>(architettura) &#8211; coordinamento di Carlo Atzeni, Stefano Cadoni, Francesco Marras e Silvia Mocci<\/li>\n\n\n\n<li><strong>il progetto ambientale <\/strong>(<em>greening<\/em> e biomonitoraggio) &#8211; coordinamento Annalena Cogoni (Direttrice dell&#8217;Orto Botanico di Cagliari), Pierluigi Cortis e Gianluca Iiriti (responsabile del verde dell&#8217;Ateneo)<\/li>\n\n\n\n<li><strong>il progetto di osservazione e valutazione psico-sociale <\/strong>(psicologia ambientale) &#8211; coordinamento Ferdinando Fornara, Emanuel Muroni e Oriana Mosca<\/li>\n\n\n\n<li><strong>il progetto di comunicazione, social media e evento di inaugurazione<\/strong> &#8211; coordinamento Ivan Ble\u010di\u0107 e Elisabetta Gola<\/li>\n<\/ul>\n\n\n\n<p>Per ciascun reparto saranno selezionati studenti e studentesse dell&#8217;ateneo cagliaritano tenendo conto dei corsi di laurea di provenienze in relazione alle competenze, tematismi ed esigenze progettuali. <\/p>\n\n\n\n<p>Le attivit\u00e0 didattiche del laboratorio progettuale consistono in 30 ore tra l&#8217;attivit\u00e0 d&#8217;aula e lavoro autonomo di elaborazione di gruppo, e includono l&#8217;erogazione di un breve corso di sicurezza di 4 ore.<\/p>\n\n\n\n<figure class=\"wp-block-image alignwide size-large\"><img loading=\"lazy\" decoding=\"async\" width=\"1024\" height=\"683\" src=\"https:\/\/sites.unica.it\/g-lab\/files\/2024\/05\/UNICAsa-fare1-1024x683.jpg\" alt=\"\" class=\"wp-image-3207\" srcset=\"https:\/\/sites.unica.it\/g-lab\/files\/2024\/05\/UNICAsa-fare1-1024x683.jpg 1024w, https:\/\/sites.unica.it\/g-lab\/files\/2024\/05\/UNICAsa-fare1-400x267.jpg 400w, https:\/\/sites.unica.it\/g-lab\/files\/2024\/05\/UNICAsa-fare1-768x512.jpg 768w, https:\/\/sites.unica.it\/g-lab\/files\/2024\/05\/UNICAsa-fare1-1536x1024.jpg 1536w, https:\/\/sites.unica.it\/g-lab\/files\/2024\/05\/UNICAsa-fare1-2048x1365.jpg 2048w, https:\/\/sites.unica.it\/g-lab\/files\/2024\/05\/UNICAsa-fare1-930x620.jpg 930w\" sizes=\"auto, (max-width: 1024px) 100vw, 1024px\" \/><figcaption class=\"wp-element-caption\">UNICAsa Episodio 1 &#8220;Ingegneria e Architettura&#8221;, settembre 2023<\/figcaption><\/figure>\n\n\n\n<p><\/p>\n\n\n\n<h4 class=\"wp-block-heading\">2. <strong>&#8220;Il tutorial&#8221;: laboratorio di pratica, dal 29 luglio al  1 agosto<\/strong><\/h4>\n\n\n\n<p>L&#8217;attivit\u00e0 di &#8220;tutorial&#8221; \u00e8 un&#8217;attivit\u00e0 pratica &#8211; in vista della fase di &#8220;azione&#8221; a settembre &#8211; che serve per &#8220;testare&#8221; gli elementi del progetto e per consentire agli studenti e alle studentesse di prendere confidenza e impratichirsi con le attrezzatture, gli strumenti e le modalit\u00e0 di lavorazioni di diverse attivit\u00e0 previste dai quattro &#8220;reparti&#8221;.<\/p>\n\n\n\n<p>L&#8217;attivit\u00e0 di &#8220;tutorial&#8221; si svolger\u00e0 <strong>dal 29 luglio al 1\u00b0 agosto <\/strong>e vedr\u00e0 impegnato l&#8217;intero gruppo nelle speriementazioni e auto-costruzione di alcuni dispositivi prototipali all&#8217;interno del cortile della sede di Via Corte d&#8217;Appello 87. <\/p>\n\n\n\n<figure class=\"wp-block-image alignwide size-large\"><img loading=\"lazy\" decoding=\"async\" width=\"1024\" height=\"683\" src=\"https:\/\/sites.unica.it\/g-lab\/files\/2024\/05\/UNICAsa-giardino-1024x683.jpg\" alt=\"\" class=\"wp-image-3209\" srcset=\"https:\/\/sites.unica.it\/g-lab\/files\/2024\/05\/UNICAsa-giardino-1024x683.jpg 1024w, https:\/\/sites.unica.it\/g-lab\/files\/2024\/05\/UNICAsa-giardino-400x267.jpg 400w, https:\/\/sites.unica.it\/g-lab\/files\/2024\/05\/UNICAsa-giardino-768x512.jpg 768w, https:\/\/sites.unica.it\/g-lab\/files\/2024\/05\/UNICAsa-giardino-1536x1024.jpg 1536w, https:\/\/sites.unica.it\/g-lab\/files\/2024\/05\/UNICAsa-giardino-2048x1365.jpg 2048w, https:\/\/sites.unica.it\/g-lab\/files\/2024\/05\/UNICAsa-giardino-930x620.jpg 930w\" sizes=\"auto, (max-width: 1024px) 100vw, 1024px\" \/><\/figure>\n\n\n\n<p>&#8220;Il giardino&#8221; &#8211; UNICAsa Episodio 1 &#8220;Ingegneria e Architettura&#8221;, settembre 2023<\/p>\n\n\n\n<h4 class=\"wp-block-heading\">3. <strong>&#8220;L&#8217;azione&#8221;: laboratorio di auto-costruzione, dal 23 al 28 settembre<\/strong><\/h4>\n\n\n\n<p>Questa terza fase riguarda l&#8217;attivit\u00e0 di <strong>realizzazione diretta del progetto, con le modalit\u00e0 di auto-costruzione <\/strong>presso il polo di Sa Duchessa, e richiede un <strong>impegno a tempo pieno<\/strong> <strong>nelle giornate dal 23 al 28 settembre<\/strong>.<\/p>\n\n\n\n<p>Durante il periodo di auto-costruzione, gli studenti e le studentesse dei quattro reparti metteranno in pratica i progetti elaborati nella fase laboratoriale di giugno. <\/p>\n\n\n\n<figure class=\"wp-block-image alignwide size-large\"><img loading=\"lazy\" decoding=\"async\" width=\"1024\" height=\"683\" src=\"https:\/\/sites.unica.it\/g-lab\/files\/2024\/05\/UNICAsa-fare2-1024x683.jpg\" alt=\"\" class=\"wp-image-3211\" srcset=\"https:\/\/sites.unica.it\/g-lab\/files\/2024\/05\/UNICAsa-fare2-1024x683.jpg 1024w, https:\/\/sites.unica.it\/g-lab\/files\/2024\/05\/UNICAsa-fare2-400x267.jpg 400w, https:\/\/sites.unica.it\/g-lab\/files\/2024\/05\/UNICAsa-fare2-768x512.jpg 768w, https:\/\/sites.unica.it\/g-lab\/files\/2024\/05\/UNICAsa-fare2-1536x1024.jpg 1536w, https:\/\/sites.unica.it\/g-lab\/files\/2024\/05\/UNICAsa-fare2-2048x1365.jpg 2048w, https:\/\/sites.unica.it\/g-lab\/files\/2024\/05\/UNICAsa-fare2-930x620.jpg 930w\" sizes=\"auto, (max-width: 1024px) 100vw, 1024px\" \/><figcaption class=\"wp-element-caption\">UNICAsa Episodio 1 &#8220;Ingegneria e Architettura&#8221;, settembre 2023<\/figcaption><\/figure>\n\n\n\n<p><\/p>\n\n\n\n<h3 class=\"wp-block-heading\">Come partecipare<\/h3>\n\n\n\n<p><strong>Sono aperte le iscrizioni a studenti e studentesse dell&#8217;Universit\u00e0 di Cagliari <\/strong>per partecipare a UNICAsa episodio Sa Duchessa.<\/p>\n\n\n\n<p>Per ogni &#8220;reparto&#8221; saranno ammessi:<\/p>\n\n\n\n<ul class=\"wp-block-list\">\n<li>25 studenti e studentesse per<strong> il progetto dello spazio <\/strong>(architettura)<\/li>\n\n\n\n<li>10 studenti e studentesse per <strong>il progetto ambientale <\/strong>(greening e biomonitoraggio) <\/li>\n\n\n\n<li>10 studenti e studentesse per <strong>il progetto di osservazione e valutazione psico-sociale<\/strong><\/li>\n\n\n\n<li>10 studenti e studentesse per <strong>il progetto di <strong>comunicazione, social media e evento di inaugurazione<\/strong><\/strong><\/li>\n<\/ul>\n\n\n\n<h5 class=\"wp-block-heading\">Per partecipare alla selezione compilare il <span style=\"text-decoration: underline\"><a href=\"https:\/\/forms.gle\/jMfDVq6UUxXFVAWn9\">modulo di iscrizione<\/a><\/span>.<\/h5>\n\n\n\n<p><strong>La scadenza <\/strong>per la presentazione delle domande \u00e8 il <strong>5 giugno 2024<\/strong>.<\/p>\n\n\n\n<p>Gli esiti della selezione saranno comunicati entro il 10 giugno.<\/p>\n\n\n\n<p><strong>Riconoscimento crediti.<\/strong> Per i Corsi di Studio in architettura (triennale e magistrale) il laboratorio dar\u00e0 titolo al riconoscimento di 1 CFU per il breve corso di sicurezza e 4 CFU per il laboratorio progettuale e di auto-costruzione.<br>Gli studenti degli altri Corsi di Studio dovranno presentare richiesta ai rispettivi coordinatori del Consiglio del Corso di Studio. Per ulteriori informazioni \u00e8 possibile rivolgersi ai co-responsabili dei reparti. <\/p>\n\n\n\n<figure class=\"wp-block-image alignwide size-large\"><img loading=\"lazy\" decoding=\"async\" width=\"1024\" height=\"683\" src=\"https:\/\/sites.unica.it\/g-lab\/files\/2024\/05\/UNICAsa-fare4-1024x683.jpg\" alt=\"\" class=\"wp-image-3213\" srcset=\"https:\/\/sites.unica.it\/g-lab\/files\/2024\/05\/UNICAsa-fare4-1024x683.jpg 1024w, https:\/\/sites.unica.it\/g-lab\/files\/2024\/05\/UNICAsa-fare4-400x267.jpg 400w, https:\/\/sites.unica.it\/g-lab\/files\/2024\/05\/UNICAsa-fare4-768x512.jpg 768w, https:\/\/sites.unica.it\/g-lab\/files\/2024\/05\/UNICAsa-fare4-1536x1024.jpg 1536w, https:\/\/sites.unica.it\/g-lab\/files\/2024\/05\/UNICAsa-fare4-2048x1365.jpg 2048w, https:\/\/sites.unica.it\/g-lab\/files\/2024\/05\/UNICAsa-fare4-930x620.jpg 930w\" sizes=\"auto, (max-width: 1024px) 100vw, 1024px\" \/><figcaption class=\"wp-element-caption\">UNICAsa Episodio 1 &#8220;Ingegneria e Architettura&#8221;, settembre 2023<\/figcaption><\/figure>\n\n\n\n<h3 class=\"wp-block-heading\">Organizzazione<\/h3>\n\n\n\n<p>L&#8217;iniziativa UNICAsa \u00e8 realizzata da <strong><a href=\"https:\/\/www.instagram.com\/unica_spaceforce\/\">UNICA SPACE FORCE<\/a><\/strong><\/p>\n\n\n\n<p><strong>Coordinamento scientifico<\/strong><br>Carlo Atzeni e Ivan Ble\u010di\u0107 (DICAAR)<\/p>\n\n\n\n<p><strong>Comitato di coordinamento &#8220;Sa Duchessa&#8221;<\/strong><br>Elisabetta Gola, Ferdinando Fornara, Loredana Lucarelli, Antonello Mura, Donatella Petretto, Immacolata Pinto, Ignazio Putzu<\/p>\n\n\n\n<p><strong>Direzione scientifica UNICAsa 2024 E02<\/strong> <strong>&#8220;Sa Duchessa&#8221;<\/strong><br>Stefano Cadoni, Pierluigi Cortis, Ferdinando Fornara, Francesco Marras, Silvia Mocci, Oriana Mosca, Emanuel Muroni <\/p>\n\n\n\n<p><\/p>\n\n\n\n<p>L&#8217;episodio 2 (2024 E02) &#8220;Sa Duchessa&#8221;<strong> <\/strong>di UNICAsa \u00e8 sostenuto dall&#8217;Ateneo; dalla Facolt\u00e0 di Studi Umanistici; e dai due dipartimenti di Sa Duchressa, il Dipartimento di Lettere, lingue e beni culturali e il Dipartimento di Pedagogia, psicologia, filosofia.<\/p>\n\n\n\n<h4 class=\"wp-block-heading\">Contatti<\/h4>\n\n\n\n<p>Ivan Ble\u010di\u0107 <a href=\"mailto:ivanblecic@unica.it\">ivanblecic@unica.it<\/a><br>Carlo Atzeni <a href=\"mailto:carlo.atzeni@unica.it\">carlo.atzeni@unica.it<\/a><\/p>\n\n\n\n<figure class=\"wp-block-image alignwide size-large\"><img loading=\"lazy\" decoding=\"async\" width=\"1024\" height=\"683\" src=\"https:\/\/sites.unica.it\/g-lab\/files\/2024\/05\/UNICAsa-SF-foto-1024x683.jpg\" alt=\"\" class=\"wp-image-3215\" srcset=\"https:\/\/sites.unica.it\/g-lab\/files\/2024\/05\/UNICAsa-SF-foto-1024x683.jpg 1024w, https:\/\/sites.unica.it\/g-lab\/files\/2024\/05\/UNICAsa-SF-foto-400x267.jpg 400w, https:\/\/sites.unica.it\/g-lab\/files\/2024\/05\/UNICAsa-SF-foto-768x512.jpg 768w, https:\/\/sites.unica.it\/g-lab\/files\/2024\/05\/UNICAsa-SF-foto-1536x1024.jpg 1536w, https:\/\/sites.unica.it\/g-lab\/files\/2024\/05\/UNICAsa-SF-foto-2048x1365.jpg 2048w, https:\/\/sites.unica.it\/g-lab\/files\/2024\/05\/UNICAsa-SF-foto-930x620.jpg 930w\" sizes=\"auto, (max-width: 1024px) 100vw, 1024px\" \/><figcaption class=\"wp-element-caption\">UNICAsa Episodio 1 &#8220;Ingegneria e Architettura&#8221;, settembre 2023<\/figcaption><\/figure>\n\n\n\n<p><\/p>\n\n\n\n<p><\/p>\n","protected":false},"excerpt":{"rendered":"<p>UNICAspaziaperti: laboratorio di progetto e auto-costruzione. Primo episodio &#8220;Sa Duchessa&#8221; (UNICAsa 2024 E02), giugno-settembre 2024<\/p>\n","protected":false},"author":2755,"featured_media":3211,"comment_status":"closed","ping_status":"closed","sticky":false,"template":"","format":"standard","meta":{"neve_meta_sidebar":"","neve_meta_container":"","neve_meta_enable_content_width":"","neve_meta_content_width":0,"neve_meta_title_alignment":"","neve_meta_author_avatar":"","neve_post_elements_order":"[\"content\"]","neve_meta_disable_header":"on","neve_meta_disable_footer":"on","neve_meta_disable_title":"","footnotes":""},"categories":[6],"tags":[],"class_list":["post-3169","post","type-post","status-publish","format-standard","has-post-thumbnail","hentry","category-didattica"],"_links":{"self":[{"href":"https:\/\/sites.unica.it\/g-lab\/wp-json\/wp\/v2\/posts\/3169","targetHints":{"allow":["GET"]}}],"collection":[{"href":"https:\/\/sites.unica.it\/g-lab\/wp-json\/wp\/v2\/posts"}],"about":[{"href":"https:\/\/sites.unica.it\/g-lab\/wp-json\/wp\/v2\/types\/post"}],"author":[{"embeddable":true,"href":"https:\/\/sites.unica.it\/g-lab\/wp-json\/wp\/v2\/users\/2755"}],"replies":[{"embeddable":true,"href":"https:\/\/sites.unica.it\/g-lab\/wp-json\/wp\/v2\/comments?post=3169"}],"version-history":[{"count":45,"href":"https:\/\/sites.unica.it\/g-lab\/wp-json\/wp\/v2\/posts\/3169\/revisions"}],"predecessor-version":[{"id":3543,"href":"https:\/\/sites.unica.it\/g-lab\/wp-json\/wp\/v2\/posts\/3169\/revisions\/3543"}],"wp:featuredmedia":[{"embeddable":true,"href":"https:\/\/sites.unica.it\/g-lab\/wp-json\/wp\/v2\/media\/3211"}],"wp:attachment":[{"href":"https:\/\/sites.unica.it\/g-lab\/wp-json\/wp\/v2\/media?parent=3169"}],"wp:term":[{"taxonomy":"category","embeddable":true,"href":"https:\/\/sites.unica.it\/g-lab\/wp-json\/wp\/v2\/categories?post=3169"},{"taxonomy":"post_tag","embeddable":true,"href":"https:\/\/sites.unica.it\/g-lab\/wp-json\/wp\/v2\/tags?post=3169"}],"curies":[{"name":"wp","href":"https:\/\/api.w.org\/{rel}","templated":true}]}}