{"id":2901,"date":"2023-06-10T11:29:15","date_gmt":"2023-06-10T09:29:15","guid":{"rendered":"https:\/\/sites.unica.it\/g-lab\/?p=2901"},"modified":"2023-07-20T09:04:03","modified_gmt":"2023-07-20T07:04:03","slug":"selegaslab","status":"publish","type":"post","link":"https:\/\/sites.unica.it\/g-lab\/selegaslab\/","title":{"rendered":"SelegasLab"},"content":{"rendered":"\n<h2 class=\"has-text-align-center wp-block-heading\">SelegasLab 2023<\/h2>\n\n\n\n<h3 class=\"has-text-align-center wp-block-heading\">S-PIAZZARE: dispositivi architettonici <br>per centri storici<\/h3>\n\n\n\n<h4 class=\"alignwide has-text-align-center wp-block-heading\">Laboratorio residenziale di progetto e di auto-costruzione a Selegas<\/h4>\n\n\n\n<figure class=\"wp-block-image alignwide size-large\"><img loading=\"lazy\" decoding=\"async\" width=\"1024\" height=\"635\" src=\"https:\/\/sites.unica.it\/g-lab\/files\/2023\/06\/selegas-piazzetta-bande-1024x635.png\" alt=\"\" class=\"wp-image-2929\" srcset=\"https:\/\/sites.unica.it\/g-lab\/files\/2023\/06\/selegas-piazzetta-bande-1024x635.png 1024w, https:\/\/sites.unica.it\/g-lab\/files\/2023\/06\/selegas-piazzetta-bande-400x248.png 400w, https:\/\/sites.unica.it\/g-lab\/files\/2023\/06\/selegas-piazzetta-bande-768x476.png 768w, https:\/\/sites.unica.it\/g-lab\/files\/2023\/06\/selegas-piazzetta-bande-1536x952.png 1536w, https:\/\/sites.unica.it\/g-lab\/files\/2023\/06\/selegas-piazzetta-bande.png 1662w\" sizes=\"auto, (max-width: 1024px) 100vw, 1024px\" \/><\/figure>\n\n\n\n<div style=\"height:25px\" aria-hidden=\"true\" class=\"wp-block-spacer\"><\/div>\n\n\n\n<p>Il laboratorio residenziale di progetto e di auto-costruzione <strong>SelegasLab 2023<\/strong> si propone di <strong>progettare e costruire <\/strong><em><strong>un sistema<\/strong> <\/em>di dispositivi e installazioni architettoniche <strong><strong>nella piazzetta di via Roma nel centro storico di Selegas<\/strong><\/strong>, capace di moltiplicarne i possibili usi, di rendere la piazzetta aggregante ad elevata condizione di abitabilit\u00e0, rafforzando i sui connotati di spazio pubblico contemporaneo, un luogo per incontrarsi, giocare, per accogliere eventi, attivit\u00e0 culturali, o stare in solitudine. <\/p>\n\n\n\n<p>Ispirato alle precedenti esperienze di MogoroLab e <a href=\"https:\/\/sites.unica.it\/pip\/oranilab\">OraniLab<\/a>, <strong>SelegasLab 2023<\/strong> realizzer\u00e0 dispositivi e installazioni di natura modulare, reversibile, riciclabile, facilmente smontabile e trasportabile. Con una disponibilit\u00e0 limitata di materiale per costruzioni (pannelli a base lignea, policarbonato, molari e tavole di legno, e cos\u00ec via), il laboratorio infatti proceder\u00e0 alla realizzazione dell&#8217;sistema dei dispositivi <strong>attraverso un processo di auto-costruzione condotto direttamente dagli studenti e dalle studentesse<\/strong> partecipanti.<\/p>\n\n\n\n<p>Il progetto sar\u00e0 sviluppato da un gruppo selezionato di <strong>studenti e studentesse dei Corsi di laurea magistrale in Architettura (LM-4) e triennale in Scienze dell\u2019Architettura (L-17)<\/strong>, coordinati da docenti e tutor della Scuola di Architettura di Cagliari.<\/p>\n\n\n\n<p>Per la durata del laboratorio residenziale a Selegas <strong>il vitto e l\u2019alloggio saranno offerti<\/strong> del Comune di Selegas.<\/p>\n\n\n\n<p> <\/p>\n\n\n\n<h3 class=\"wp-block-heading\">Calendario delle attivit\u00e0<\/h3>\n\n\n\n<p>Le attivit\u00e0 di SelegasLab prevedono <strong>due fasi<\/strong>:<\/p>\n\n\n\n<ol class=\"wp-block-list\">\n<li><strong>&#8220;Il pensiero&#8221;: laboratorio progettuale, dal 26 al 30 giugno<\/strong><br>attivit\u00e0 di progettazione dell&#8217;intervento, si svolger\u00e0 in aula a Cagliari, con <strong>l&#8217;impegno di mezza giornata <\/strong>di pomeriggio (15:00-19:00) dal 26 al 30 giugno;<br>le attivit\u00e0 didattiche del laboratorio progettuale prevedono anche l&#8217;erogazione di un breve corso di sicurezza di 10 ore;<\/li>\n\n\n\n<li><strong>&#8220;L&#8217;azione&#8221;: laboratorio residenziale di auto-costruzione a Selegas, dal 24 al 30 luglio<\/strong><br>attivit\u00e0 di realizzazione diretta in auto-costruzione a Selegas, dal 24 al 30 luglio;<br>Per la durata del laboratorio residenziale a Selegas, <strong>il vitto e l\u2019alloggio saranno offerti<\/strong> del Comune di Selegas.<\/li>\n<\/ol>\n\n\n\n<p><\/p>\n\n\n\n<h3 class=\"wp-block-heading\">Come partecipare<\/h3>\n\n\n\n<p>Saranno ammessi <strong>20 studenti e studentesse <\/strong>dei corsi di studio in architettura (triennale e magistrale).<\/p>\n\n\n\n<p><strong>La scadenza per le candidature si \u00e8 conclusa venerd\u00ec 20 giugno 2023<\/strong>.<\/p>\n\n\n\n<p>La partecipazione a<strong> SelegasLab \u00e8 compatibile con la partecipazione a <a href=\"https:\/\/sites.unica.it\/g-lab\/unicasa2023e01\/\">UNICAsa 2023<\/a><\/strong>. Il laboratorio di progetto a Cagliari dal 26 al 30 giugno si terr\u00e0 insieme con UNICAsa e gli studenti e le studentesse partecipanti potranno decidere a quale delle due attivit\u00e0 di auto-costruzione partecipare (residenziale a Selegas dal 24 al 30 luglio oppure presso la Facolt\u00e0 di Ingegneria e Architettura per UNICAsa dal 18 al 23 settembre), eventualmente anche ad entrambe. <\/p>\n\n\n\n<p><\/p>\n\n\n\n<p><strong>Riconoscimento crediti.<\/strong> Per i Corsi di Studio in architettura (triennale e magistrale) il laboratorio dar\u00e0 titolo al riconoscimento di 1 CFU per il breve corso di sicurezza e 4 CFU per il laboratorio progettuale e di auto-costruzione. (La partecipazione anche all&#8217;esperienza di auto-costruzione di UNICAsa dal 18 al 23 settembre dar\u00e0 titolo al riconoscimento di ulteriori 2 CFU, e viceversa.)<\/p>\n\n\n\n<p><\/p>\n\n\n\n<h3 class=\"wp-block-heading\">Organizzazione<\/h3>\n\n\n\n<p><strong>Coordinamento<\/strong><br>Carlo Atzeni e Ivan Ble\u010di\u0107 (DICAAR)<\/p>\n\n\n\n<p><strong>Direzione scientifica <\/strong><br>Stefano Cadoni, Nicol\u00f2 Fenu (Sardarch), Francesco Marras, Silvia Mocci, Emanuel Muroni e Valeria Saiu<\/p>\n\n\n\n<p><strong>Gruppo di lavoro<\/strong><br>Michele Agus, Alessandro Carrus, Silvia Folcando, Nicola Mainas, Massimo Matta, Maria Carla Saliu, Pierandrea Solla e Luca Zairo<\/p>\n\n\n\n<p>Il laboratorio \u00e8 sostenuto dal Comune di Selegas.<\/p>\n\n\n\n<h4 class=\"wp-block-heading\">Contatti<\/h4>\n\n\n\n<p>Carlo Atzeni <a href=\"mailto:carlo.atzeni@unica.it\">carlo.atzeni@unica.it<\/a><br>Ivan Ble\u010di\u0107 <a href=\"mailto:ivanblecic@unica.it\">ivanblecic@unica.it<\/a><\/p>\n\n\n\n<p><\/p>\n\n\n\n<figure class=\"wp-block-image alignfull size-large\"><img loading=\"lazy\" decoding=\"async\" width=\"1024\" height=\"272\" src=\"https:\/\/sites.unica.it\/g-lab\/files\/2023\/05\/unicasa-banda-colori-1024x272.png\" alt=\"\" class=\"wp-image-2664\" srcset=\"https:\/\/sites.unica.it\/g-lab\/files\/2023\/05\/unicasa-banda-colori-1024x272.png 1024w, https:\/\/sites.unica.it\/g-lab\/files\/2023\/05\/unicasa-banda-colori-400x106.png 400w, https:\/\/sites.unica.it\/g-lab\/files\/2023\/05\/unicasa-banda-colori-768x204.png 768w, https:\/\/sites.unica.it\/g-lab\/files\/2023\/05\/unicasa-banda-colori.png 1253w\" sizes=\"auto, (max-width: 1024px) 100vw, 1024px\" \/><\/figure>\n","protected":false},"excerpt":{"rendered":"<p>S-PIAZZARE: dispositivi architettonici<br \/>\nper centri storici. Laboratorio residenziale di progetto e di auto-costruzione a Selegas, 24-30 luglio 2023<\/p>\n","protected":false},"author":2755,"featured_media":2929,"comment_status":"closed","ping_status":"closed","sticky":false,"template":"","format":"standard","meta":{"neve_meta_sidebar":"","neve_meta_container":"","neve_meta_enable_content_width":"","neve_meta_content_width":0,"neve_meta_title_alignment":"","neve_meta_author_avatar":"","neve_post_elements_order":"[\"content\"]","neve_meta_disable_header":"on","neve_meta_disable_footer":"on","neve_meta_disable_title":"","footnotes":""},"categories":[1],"tags":[],"class_list":["post-2901","post","type-post","status-publish","format-standard","has-post-thumbnail","hentry","category-non-categorizzato"],"_links":{"self":[{"href":"https:\/\/sites.unica.it\/g-lab\/wp-json\/wp\/v2\/posts\/2901","targetHints":{"allow":["GET"]}}],"collection":[{"href":"https:\/\/sites.unica.it\/g-lab\/wp-json\/wp\/v2\/posts"}],"about":[{"href":"https:\/\/sites.unica.it\/g-lab\/wp-json\/wp\/v2\/types\/post"}],"author":[{"embeddable":true,"href":"https:\/\/sites.unica.it\/g-lab\/wp-json\/wp\/v2\/users\/2755"}],"replies":[{"embeddable":true,"href":"https:\/\/sites.unica.it\/g-lab\/wp-json\/wp\/v2\/comments?post=2901"}],"version-history":[{"count":31,"href":"https:\/\/sites.unica.it\/g-lab\/wp-json\/wp\/v2\/posts\/2901\/revisions"}],"predecessor-version":[{"id":3018,"href":"https:\/\/sites.unica.it\/g-lab\/wp-json\/wp\/v2\/posts\/2901\/revisions\/3018"}],"wp:featuredmedia":[{"embeddable":true,"href":"https:\/\/sites.unica.it\/g-lab\/wp-json\/wp\/v2\/media\/2929"}],"wp:attachment":[{"href":"https:\/\/sites.unica.it\/g-lab\/wp-json\/wp\/v2\/media?parent=2901"}],"wp:term":[{"taxonomy":"category","embeddable":true,"href":"https:\/\/sites.unica.it\/g-lab\/wp-json\/wp\/v2\/categories?post=2901"},{"taxonomy":"post_tag","embeddable":true,"href":"https:\/\/sites.unica.it\/g-lab\/wp-json\/wp\/v2\/tags?post=2901"}],"curies":[{"name":"wp","href":"https:\/\/api.w.org\/{rel}","templated":true}]}}