{"id":2668,"date":"2023-05-14T11:07:29","date_gmt":"2023-05-14T09:07:29","guid":{"rendered":"https:\/\/sites.unica.it\/g-lab\/unicasa\/"},"modified":"2023-08-03T15:00:59","modified_gmt":"2023-08-03T13:00:59","slug":"unicasa2023e01","status":"publish","type":"post","link":"https:\/\/sites.unica.it\/g-lab\/unicasa2023e01\/?lang=en","title":{"rendered":"UNICAsa 2023"},"content":{"rendered":"<div class=\"wp-block-image\">\n<figure class=\"aligncenter size-medium is-resized\"><img loading=\"lazy\" decoding=\"async\" src=\"https:\/\/sites.unica.it\/g-lab\/files\/2023\/05\/UNICA-logo-400x104.png\" alt=\"\" class=\"wp-image-2716\" width=\"300\" height=\"78\" srcset=\"https:\/\/sites.unica.it\/g-lab\/files\/2023\/05\/UNICA-logo-400x104.png 400w, https:\/\/sites.unica.it\/g-lab\/files\/2023\/05\/UNICA-logo-1024x267.png 1024w, https:\/\/sites.unica.it\/g-lab\/files\/2023\/05\/UNICA-logo-768x200.png 768w, https:\/\/sites.unica.it\/g-lab\/files\/2023\/05\/UNICA-logo-1536x400.png 1536w, https:\/\/sites.unica.it\/g-lab\/files\/2023\/05\/UNICA-logo.png 1613w\" sizes=\"auto, (max-width: 300px) 100vw, 300px\" \/><\/figure><\/div>\n\n\n<p class=\"has-text-align-center\"><strong>presenta<\/strong><\/p>\n\n\n\n<h1 class=\"has-text-align-center wp-block-heading\">UNICAsa 2023<\/h1>\n\n\n\n<h3 class=\"alignwide has-text-align-center wp-block-heading\">Laboratorio di progetto e di auto-costruzione<br>dell&#8217;Universit\u00e0 di Cagliari<\/h3>\n\n\n\n<figure class=\"wp-block-image alignfull size-large\"><img loading=\"lazy\" decoding=\"async\" width=\"1024\" height=\"272\" src=\"https:\/\/sites.unica.it\/g-lab\/files\/2023\/05\/unicasa-banda-colori-1024x272.png\" alt=\"\" class=\"wp-image-2664\" srcset=\"https:\/\/sites.unica.it\/g-lab\/files\/2023\/05\/unicasa-banda-colori-1024x272.png 1024w, https:\/\/sites.unica.it\/g-lab\/files\/2023\/05\/unicasa-banda-colori-400x106.png 400w, https:\/\/sites.unica.it\/g-lab\/files\/2023\/05\/unicasa-banda-colori-768x204.png 768w, https:\/\/sites.unica.it\/g-lab\/files\/2023\/05\/unicasa-banda-colori.png 1253w\" sizes=\"auto, (max-width: 1024px) 100vw, 1024px\" \/><\/figure>\n\n\n\n<h4 class=\"alignwide has-text-align-center wp-block-heading\" id=\"block-4c8ddfaf-4072-41cf-b44d-9c10b9684248\">UNICA<strong>s<\/strong>pazi<strong>a<\/strong>perti: rinnovare la qualit\u00e0 dei luoghi dell\u2019apprendimento<\/h4>\n\n\n\n<div style=\"height:100px\" aria-hidden=\"true\" class=\"wp-block-spacer\"><\/div>\n\n\n\n<h2 class=\"wp-block-heading\">Che cos&#8217;\u00e8 UNICAsa?<\/h2>\n\n\n\n<p>L&#8217;Universit\u00e0 degli Studi di Cagliari promuove il <strong>progetto UNICAsa<\/strong> &#8211; &#8220;UNICAspaziaperti: rinnovare la qualit\u00e0 dei luoghi dell\u2019apprendimento&#8221; &#8211; volto a realizzare negli spazi di pertinenza dell&#8217;Ateneo cagliaritano, secondo un approccio coordinato e sistemico, una <strong>serie di dispositivi negli spazi aperti<\/strong> capaci di moltiplicarne gli usi e di renderli luoghi aggreganti e radunanti ad elevate condizioni di abitabilit\u00e0 per le comunit\u00e0 direttamente interessate. <\/p>\n\n\n\n<p>UNICAsa prevede<strong> sei puntate di laboratori di progetto e autocostruzione<\/strong> <strong>in tre anni<\/strong> <strong>(2023-2026)<\/strong>, pluridisciplinari, coordinati e condotti dalla Scuola di Architettura del DICAAR, con la collaborazione e il coinvolgimento di volta in volta delle Facolt\u00e0 e dei Dipartimenti nei cui spazi saranno realizzati gli interventi.<\/p>\n\n\n\n<p>Ispirato alle precedenti esperienze di <a href=\"https:\/\/sites.unica.it\/pip\/doors-of-identity\/\"><strong>Doors of Identity<\/strong><\/a>, <a href=\"https:\/\/sites.unica.it\/pip\/oranilab\"><strong>OraniLAB<\/strong><\/a> e MogoroLAB, UNICAsa intende rendere pi\u00f9 accoglienti gli spazi aperti, trasferire connotati di domesticit\u00e0 contemporanea, introdurre piccoli <em>hub <\/em>relazionali a diretto contatto con la natura che popola gli spazi aperti, per contribuire a trasformare progressivamente l\u2019universit\u00e0 nella nuova &#8220;casa&#8221; per gli studenti e le studentesse di UNICA.<\/p>\n\n\n\n<p>Oltre a ripensare la qualit\u00e0 e la natura degli spazi aperti dei differenti presidi individuati, attraverso una disponibilit\u00e0 limitata di materiale per costruzioni rimovibili (pannelli a base lignea, policarbonato, molari e tavole di legno, e cos\u00ec via), i laboratori procederanno alla <strong>realizzazione in autocostruzione dei progetti ideati<\/strong>. I dispositivi costruiti avranno la natura modulare, reversibile, riciclabile, facilmente smontabile e trasportabile.<\/p>\n\n\n\n<p>I coordinatori scientifici di UNICAsa sono Carlo Atzeni e Ivan Ble\u010di\u0107.<\/p>\n\n\n\n<p><\/p>\n\n\n\n<figure class=\"wp-block-image alignwide size-large\"><img loading=\"lazy\" decoding=\"async\" width=\"1024\" height=\"272\" src=\"https:\/\/sites.unica.it\/g-lab\/files\/2023\/05\/unicasa-banda-colori-1024x272.png\" alt=\"\" class=\"wp-image-2664\" srcset=\"https:\/\/sites.unica.it\/g-lab\/files\/2023\/05\/unicasa-banda-colori-1024x272.png 1024w, https:\/\/sites.unica.it\/g-lab\/files\/2023\/05\/unicasa-banda-colori-400x106.png 400w, https:\/\/sites.unica.it\/g-lab\/files\/2023\/05\/unicasa-banda-colori-768x204.png 768w, https:\/\/sites.unica.it\/g-lab\/files\/2023\/05\/unicasa-banda-colori.png 1253w\" sizes=\"auto, (max-width: 1024px) 100vw, 1024px\" \/><\/figure>\n\n\n\n<h2 class=\"alignwide has-text-align-center wp-block-heading\">UNICAsa stagione 2023 episodio 1 <\/h2>\n\n\n\n<p><\/p>\n\n\n\n<h3 class=\"wp-block-heading\">Che cosa faremo?<\/h3>\n\n\n\n<p>Il <strong>primo episodio<\/strong> <strong>&#8220;Ingegneria e Architettura&#8221; <strong>(UNICAsa 2023 E01)<\/strong><\/strong> riguarder\u00e0 il <strong>campus della Facolt\u00e0 di Ingegneria e Architettura <\/strong>nelle vicinanze della via Is Maglias, e si svolger\u00e0 in due fasi, nei mesi di giugno e settembre 2023.<\/p>\n\n\n\n<p>Il progetto consister\u00e0 nel ripensamento degli spazi aperti in prossimit\u00e0 della biblioteca del Polo Tecnologico con l\u2019inserimento di dispositivi per il miglioramento della qualit\u00e0 delle condizioni di abitabilit\u00e0 e socialit\u00e0, e per l\u2019attivazione di usi informali <em>en plein air<\/em>.<\/p>\n\n\n\n<p>Le attivit\u00e0 prevedono <strong>due fasi<\/strong>:<\/p>\n\n\n\n<ol class=\"wp-block-list\">\n<li><strong>&#8220;Il pensiero&#8221;: laboratorio progettuale, dal 26 al 30 giugno<\/strong><br>attivit\u00e0 di progettazione dell&#8217;intervento, si svolger\u00e0 in aula e negli spazi oggetto dell&#8217;intervento, con <strong>l&#8217;impegno di mezza giornata <\/strong>di pomeriggio (15:00-19:00) dal 26 al 30 giugno;<br>le attivit\u00e0 didattiche del laboratorio progettuale prevedono anche l&#8217;erogazione di un breve corso di sicurezza di 10 ore;<\/li>\n\n\n\n<li><strong>&#8220;L&#8217;azione&#8221;: laboratorio di auto-costruzione, dal 18 al 23 settembre<\/strong><br>attivit\u00e0 di realizzazione diretta, con le modalit\u00e0 di auto-costruzione presso la Facolt\u00e0 di Ingegneria e Architettura, con <strong>l&#8217;impegno a tempo pieno<\/strong> nelle giornate dal 18 al 23 settembre.<\/li>\n<\/ol>\n\n\n\n<p><\/p>\n\n\n\n<h3 class=\"wp-block-heading\">Come partecipare<\/h3>\n\n\n\n<p><strong>Sono aperte le iscrizioni a studenti e studentesse<\/strong> per partecipare al primo laboratorio di UNICAsa (2023 E01 &#8220;Ingegneria e Architettura&#8221;).<\/p>\n\n\n\n<p>Saranno ammessi <strong>20 studenti o studentesse <\/strong>dei corsi di studio in architettura (triennale e magistrale) e <strong>ulteriori 20 <\/strong>frequentanti qualsiasi corso di studio in ingegneria dell&#8217;Universit\u00e0 di Cagliari.<\/p>\n\n\n\n<p>(Aggiornamento 24 giugno) <strong>la selezione degli studenti e delle studentesse si \u00e8 conclusa il 23 giugno 2023<\/strong>.<\/p>\n\n\n\n<p><strong>Riconoscimento crediti.<\/strong> Per i Corsi di Studio in architettura (triennale e magistrale) il laboratorio dar\u00e0 titolo al riconoscimento di 1 CFU per il breve corso di sicurezza e 4 CFU per il laboratorio progettuale e di auto-costruzione. Gli studenti degli altri Corsi di Studio dovranno presentare richiesta ai rispettivi coordinatori del Consiglio del Corso di Studio.<\/p>\n\n\n\n<p><\/p>\n\n\n\n<h3 class=\"wp-block-heading\">Organizzazione<\/h3>\n\n\n\n<p><strong>Coordinamento scientifico di UNICAsa<\/strong><br>Carlo Atzeni e Ivan Ble\u010di\u0107 (DICAAR)<\/p>\n\n\n\n<p><strong>Direzione scientifica UNICAsa 2023 E01<\/strong> <strong>&#8220;Ingegneria e Architettura&#8221;<\/strong><br>Stefano Cadoni, Francesco Marras, Silvia Mocci, Emanuel Muroni e Valeria Saiu<\/p>\n\n\n\n<p><strong>Gruppo di lavoro <strong>UNICAsa<\/strong> 2023 E01<\/strong> <strong>&#8220;Ingegneria e Architettura&#8221;<\/strong><br>Michele Agus, Alessandro Carrus, Silvia Folcando, Nicola Mainas, Massimo Matta, Maria Carla Saliu, Pierandrea Solla, Luca Zairo<\/p>\n\n\n\n<p>L&#8217;episodio 1 (2023 E01) &#8220;Ingegneria e Architettura&#8221;<strong> <\/strong>di UNICAsa \u00e8 sostenuto dall&#8217;Ateneo, della Facolt\u00e0 di Ingegneria e Architettura, e dei Dipartimenti di Ingegneria Civile, Ambientale e Architettura (DICAAR), di Ingegneria Elettrica ed Elettronica (DIEE) e di Ingegneria Meccanica, Chimica e dei Materiali (DIMCM).<\/p>\n\n\n\n<h4 class=\"wp-block-heading\">Contatti<\/h4>\n\n\n\n<p>Carlo Atzeni <a href=\"mailto:carlo.atzeni@unica.it\">carlo.atzeni@unica.it<\/a><br>Ivan Ble\u010di\u0107 <a href=\"mailto:ivanblecic@unica.it\">ivanblecic@unica.it<\/a><\/p>\n\n\n\n<p><br><\/p>\n\n\n\n<figure class=\"wp-block-image alignfull size-large\"><img loading=\"lazy\" decoding=\"async\" width=\"1024\" height=\"272\" src=\"https:\/\/sites.unica.it\/g-lab\/files\/2023\/05\/unicasa-banda-colori-1024x272.png\" alt=\"\" class=\"wp-image-2664\" srcset=\"https:\/\/sites.unica.it\/g-lab\/files\/2023\/05\/unicasa-banda-colori-1024x272.png 1024w, https:\/\/sites.unica.it\/g-lab\/files\/2023\/05\/unicasa-banda-colori-400x106.png 400w, https:\/\/sites.unica.it\/g-lab\/files\/2023\/05\/unicasa-banda-colori-768x204.png 768w, https:\/\/sites.unica.it\/g-lab\/files\/2023\/05\/unicasa-banda-colori.png 1253w\" sizes=\"auto, (max-width: 1024px) 100vw, 1024px\" \/><\/figure>\n","protected":false},"excerpt":{"rendered":"<p>UNICAspaziaperti: laboratorio di progetto e auto-costruzione. Primo episodio &#8220;Ingegneria e Architettura&#8221; (UNICAsa 2023 E01), 18-23 settembre 2023<\/p>\n","protected":false},"author":3979,"featured_media":2665,"comment_status":"closed","ping_status":"closed","sticky":false,"template":"","format":"standard","meta":{"neve_meta_sidebar":"","neve_meta_container":"","neve_meta_enable_content_width":"","neve_meta_content_width":0,"neve_meta_title_alignment":"","neve_meta_author_avatar":"","neve_post_elements_order":"[\"content\"]","neve_meta_disable_header":"on","neve_meta_disable_footer":"on","neve_meta_disable_title":"","footnotes":""},"categories":[1],"tags":[],"class_list":["post-2668","post","type-post","status-publish","format-standard","has-post-thumbnail","hentry","category-non-categorizzato"],"_links":{"self":[{"href":"https:\/\/sites.unica.it\/g-lab\/wp-json\/wp\/v2\/posts\/2668","targetHints":{"allow":["GET"]}}],"collection":[{"href":"https:\/\/sites.unica.it\/g-lab\/wp-json\/wp\/v2\/posts"}],"about":[{"href":"https:\/\/sites.unica.it\/g-lab\/wp-json\/wp\/v2\/types\/post"}],"author":[{"embeddable":true,"href":"https:\/\/sites.unica.it\/g-lab\/wp-json\/wp\/v2\/users\/3979"}],"replies":[{"embeddable":true,"href":"https:\/\/sites.unica.it\/g-lab\/wp-json\/wp\/v2\/comments?post=2668"}],"version-history":[{"count":82,"href":"https:\/\/sites.unica.it\/g-lab\/wp-json\/wp\/v2\/posts\/2668\/revisions"}],"predecessor-version":[{"id":3023,"href":"https:\/\/sites.unica.it\/g-lab\/wp-json\/wp\/v2\/posts\/2668\/revisions\/3023"}],"wp:featuredmedia":[{"embeddable":true,"href":"https:\/\/sites.unica.it\/g-lab\/wp-json\/wp\/v2\/media\/2665"}],"wp:attachment":[{"href":"https:\/\/sites.unica.it\/g-lab\/wp-json\/wp\/v2\/media?parent=2668"}],"wp:term":[{"taxonomy":"category","embeddable":true,"href":"https:\/\/sites.unica.it\/g-lab\/wp-json\/wp\/v2\/categories?post=2668"},{"taxonomy":"post_tag","embeddable":true,"href":"https:\/\/sites.unica.it\/g-lab\/wp-json\/wp\/v2\/tags?post=2668"}],"curies":[{"name":"wp","href":"https:\/\/api.w.org\/{rel}","templated":true}]}}