{"id":2352,"date":"2023-01-26T16:27:50","date_gmt":"2023-01-26T15:27:50","guid":{"rendered":"https:\/\/sites.unica.it\/g-lab\/?p=2352"},"modified":"2023-02-10T15:27:40","modified_gmt":"2023-02-10T14:27:40","slug":"cagliari-new-perspectives-for-the-city-centre","status":"publish","type":"post","link":"https:\/\/sites.unica.it\/g-lab\/cagliari-new-perspectives-for-the-city-centre\/","title":{"rendered":"Cagliari. New Perspectives for the City Centre"},"content":{"rendered":"\n<p><\/p>\n\n\n\n<p><\/p>\n\n\n\n<figure class=\"wp-block-image alignwide size-large\"><img loading=\"lazy\" decoding=\"async\" width=\"1024\" height=\"326\" src=\"https:\/\/sites.unica.it\/g-lab\/files\/2023\/01\/profilo-cagliari-1024x326.png\" alt=\"\" class=\"wp-image-2353\" srcset=\"https:\/\/sites.unica.it\/g-lab\/files\/2023\/01\/profilo-cagliari-1024x326.png 1024w, https:\/\/sites.unica.it\/g-lab\/files\/2023\/01\/profilo-cagliari-400x127.png 400w, https:\/\/sites.unica.it\/g-lab\/files\/2023\/01\/profilo-cagliari-768x245.png 768w, https:\/\/sites.unica.it\/g-lab\/files\/2023\/01\/profilo-cagliari-1536x489.png 1536w, https:\/\/sites.unica.it\/g-lab\/files\/2023\/01\/profilo-cagliari.png 1608w\" sizes=\"auto, (max-width: 1024px) 100vw, 1024px\" \/><\/figure>\n\n\n\n<div style=\"height:100px\" aria-hidden=\"true\" class=\"wp-block-spacer\"><\/div>\n\n\n\n<p class=\"has-text-align-center\">International Workshop co-organised by the School of Architecture University of Cagliari and ETSAB &#8211; Universitat Polit\u00e8cnica de Catalunya.<br>30 January &#8211; 1 February 2023<\/p>\n\n\n\n<div style=\"height:100px\" aria-hidden=\"true\" class=\"wp-block-spacer\"><\/div>\n\n\n\n<h2 class=\"wp-block-heading\">The Workshop<\/h2>\n\n\n\n<p>As a key activity within the ETSAB Thematic Studio \u201cUrban Regeneration and Sustainable Rehabilitation\u201d the joint workshop with the University of Cagliari-UNICA will focus on the potential of the urban and architectural transformation of the central neighbourhoods in the city of Cagliari. Gentrification, vulnerability, and urban resilience are some of the challenges that must be addressed in the upcoming years in the central area of Cagliari, in the context of parallel discussions in other Mediterranean coastal cities, such as Barcelona.<\/p>\n\n\n\n<p>Through fieldtrips, lessons, and conversations with local authorities, associations, and citizens, the workshop will depict what are the main social, ecological, urban, and architectural features of the area and start the discussion on urban design strategies.<\/p>\n\n\n\n<p>Particularly, the workshop will focus on the urban potential for the integration of the historical neighborhoods of Stampace, Castello, Marina, and Villanova among them, and with the modern city. To sum up, the city center of Cagliari offers an opportunity to test contemporary urban strategies to upgrade these areas both preserving the local values (heritage, landscape, citizenship) and infilling new programs and activities.<\/p>\n\n\n\n<p><\/p>\n\n\n\n<h2 class=\"wp-block-heading\">Programme<\/h2>\n\n\n\n<h4 class=\"wp-block-heading\">Tuesday, January 31, 2023<\/h4>\n\n\n\n<p><strong>Morning (9:00-13:00) <\/strong><\/p>\n\n\n\n<p>Visit of Cagliari (by foot and by car)<br>Accompanied by UNICA professors<br>Start at 9:00 Meeting at Viale Buoncammino (see meeting point and the route on the map below)<\/p>\n\n\n\n<p class=\"has-text-align-center\"><\/p>\n\n\n\n<p><strong>Afternoon (16:30-19:00)<\/strong><\/p>\n\n\n\n<p>Thematic seminar at the school of architecture (see classroom on the map)<\/p>\n\n\n\n<ul class=\"wp-block-list\">\n<li>Marco Cadinu, &#8220;History and historic settlement structure of the city of Cagliari&#8221;<\/li>\n\n\n\n<li>Carlo Atzeni, &#8220;Typology and construction technology of the historical city, opportunity projects related to the urban void and the relational dimension of the historical city&#8221;<\/li>\n\n\n\n<li>Valeria Saiu, Ivan Ble\u010di\u0107, &#8220;Cagliari &#8211; Public City: open questions and opportunities&#8221;<\/li>\n<\/ul>\n\n\n\n<h4 class=\"wp-block-heading\">Wednesday February 1, 2023<\/h4>\n\n\n\n<p><strong>Morning<\/strong><\/p>\n\n\n\n<p>Deepening in the historical city<br>&#8211; Visit to the neighborhoods subject to intervention<br>&#8211; Specific meetings with associations, residents, workers and other agents of the territory They will be profiled according to the different work groups.<\/p>\n\n\n\n<p><strong>Afternoon<\/strong><\/p>\n\n\n\n<p>15:00 &#8211; Meeting with Roberto Mura (vice Mayor) and Salvatore Farci (Director of Planning Pffice Municipality of Cagliari) on urban development strategy and policies<br>At the Council Hall, Town Hall building (see map)<\/p>\n\n\n\n<p><\/p>\n\n\n\n<h2 class=\"wp-block-heading\">Whereabouts<\/h2>\n\n\n\n<p><\/p>\n\n\n\n<p class=\"has-text-align-center iFrame\">src=&#8221;https:\/\/www.google.com\/maps\/d\/embed?mid=1nFv2QhGAd4lFbyKetr4U6GiHhI9CwEc&amp;hl=en&amp;ehbc=2E312F&#8221; width=&#8221;720&#8243; height=&#8221;480&#8243;<\/p>\n\n\n\n<div style=\"height:100px\" aria-hidden=\"true\" class=\"wp-block-spacer\"><\/div>\n\n\n\n<p><strong>Coordinators<\/strong><\/p>\n\n\n\n<p>Carlo Atzeni + Ivan Ble\u010di\u0107 (Universit\u00e0 di Cagliari)<\/p>\n\n\n\n<p>Carles Crosas + Oriol Cusid\u00f3 + C\u00f3ssima Cornad\u00f3&nbsp; (ETSAB &#8211; Universitat Polit\u00e8cnica de Catalunya)<\/p>\n\n\n\n<p><strong>Participants<\/strong><\/p>\n\n\n\n<p>Local Experts + Professors ETSAB Students &#8211; Taller tem\u00e0tic RURS 2023<\/p>\n","protected":false},"excerpt":{"rendered":"<p>30 January &#8211; 1 February 2023 &#8211; International Workshop co-organised by the School of Architecture University of Cagliari and ETSAB &#8211; Universitat Polit\u00e8cnica de Catalunya.<\/p>\n","protected":false},"author":2755,"featured_media":2353,"comment_status":"closed","ping_status":"closed","sticky":false,"template":"","format":"standard","meta":{"neve_meta_sidebar":"","neve_meta_container":"","neve_meta_enable_content_width":"","neve_meta_content_width":0,"neve_meta_title_alignment":"","neve_meta_author_avatar":"","neve_post_elements_order":"[\"title\",\"content\"]","neve_meta_disable_header":"on","neve_meta_disable_footer":"on","neve_meta_disable_title":"","footnotes":""},"categories":[6],"tags":[],"class_list":["post-2352","post","type-post","status-publish","format-standard","has-post-thumbnail","hentry","category-didattica"],"_links":{"self":[{"href":"https:\/\/sites.unica.it\/g-lab\/wp-json\/wp\/v2\/posts\/2352","targetHints":{"allow":["GET"]}}],"collection":[{"href":"https:\/\/sites.unica.it\/g-lab\/wp-json\/wp\/v2\/posts"}],"about":[{"href":"https:\/\/sites.unica.it\/g-lab\/wp-json\/wp\/v2\/types\/post"}],"author":[{"embeddable":true,"href":"https:\/\/sites.unica.it\/g-lab\/wp-json\/wp\/v2\/users\/2755"}],"replies":[{"embeddable":true,"href":"https:\/\/sites.unica.it\/g-lab\/wp-json\/wp\/v2\/comments?post=2352"}],"version-history":[{"count":22,"href":"https:\/\/sites.unica.it\/g-lab\/wp-json\/wp\/v2\/posts\/2352\/revisions"}],"predecessor-version":[{"id":2421,"href":"https:\/\/sites.unica.it\/g-lab\/wp-json\/wp\/v2\/posts\/2352\/revisions\/2421"}],"wp:featuredmedia":[{"embeddable":true,"href":"https:\/\/sites.unica.it\/g-lab\/wp-json\/wp\/v2\/media\/2353"}],"wp:attachment":[{"href":"https:\/\/sites.unica.it\/g-lab\/wp-json\/wp\/v2\/media?parent=2352"}],"wp:term":[{"taxonomy":"category","embeddable":true,"href":"https:\/\/sites.unica.it\/g-lab\/wp-json\/wp\/v2\/categories?post=2352"},{"taxonomy":"post_tag","embeddable":true,"href":"https:\/\/sites.unica.it\/g-lab\/wp-json\/wp\/v2\/tags?post=2352"}],"curies":[{"name":"wp","href":"https:\/\/api.w.org\/{rel}","templated":true}]}}